{"id":7001,"date":"2024-08-08T09:14:22","date_gmt":"2024-08-08T07:14:22","guid":{"rendered":"https:\/\/gjefsjo.no\/2024\/08\/besok-fran-william-joseph-donovan-och-william-colby\/"},"modified":"2024-08-08T21:42:18","modified_gmt":"2024-08-08T19:42:18","slug":"besok-fran-william-joseph-donovan-och-william-colby","status":"publish","type":"post","link":"https:\/\/gjefsjo.no\/sv\/2024\/08\/besok-fran-william-joseph-donovan-och-william-colby\/","title":{"rendered":"Bes\u00f6k fr\u00e5n William Joseph Donovan och William Colby"},"content":{"rendered":"<div class=\"wp-block-image\">\n<figure class=\"alignright size-large is-resized\"><img loading=\"lazy\" decoding=\"async\" width=\"1024\" height=\"952\" src=\"http:\/\/gjefsjo.no\/wp-content\/uploads\/2024\/08\/william-donovan-1024x952.jpg\" alt=\"En byst av William Donovan st\u00e5r nu p\u00e5 OSS Gjefsj\u00f8en.\" class=\"wp-image-6996\" style=\"width:431px;height:auto\" srcset=\"https:\/\/gjefsjo.no\/wp-content\/uploads\/2024\/08\/william-donovan-1024x952.jpg 1024w, https:\/\/gjefsjo.no\/wp-content\/uploads\/2024\/08\/william-donovan-500x465.jpg 500w, https:\/\/gjefsjo.no\/wp-content\/uploads\/2024\/08\/william-donovan-768x714.jpg 768w, https:\/\/gjefsjo.no\/wp-content\/uploads\/2024\/08\/william-donovan.jpg 1125w\" sizes=\"auto, (max-width: 1024px) 100vw, 1024px\" \/><figcaption class=\"wp-element-caption\">En byst av William Donovan st\u00e5r nu p\u00e5 OSS Gjefsj\u00f8en.<\/figcaption><\/figure>\n<\/div>\n\n\n<div class=\"flex-shrink-0 flex flex-col relative items-end\">\n<div>\n<div class=\"pt-0\">\n<div class=\"gizmo-bot-avatar flex h-8 w-8 items-center justify-center overflow-hidden rounded-full\">\n<div class=\"relative p-1 rounded-sm flex items-center justify-center bg-token-main-surface-primary text-token-text-primary h-8 w-8\"><strong>F\u00f6r 75 \u00e5r sedan \u2013 den 7 augusti 1949 \u2013 bes\u00f6kte general William Joseph Donovan, grundaren av Office of Strategic Services, Gjefsj\u00f8fj\u00e4llen. Tillsammans med ledaren f\u00f6r Operation Rype, William Egan Colby, avt\u00e4ckte de minnesm\u00e4rket \u00f6ver fallna soldater p\u00e5 Plukkutj\u00f8nnfjellet.<\/strong><\/div>\n<div>\u00a0<\/div>\n<\/div>\n<\/div>\n<\/div>\n<\/div>\n<div class=\"group\/conversation-turn relative flex w-full min-w-0 flex-col agent-turn\">\n<div class=\"flex-col gap-1 md:gap-3\">\n<div class=\"flex max-w-full flex-col flex-grow\">\n<div class=\"min-h-[20px] text-message flex w-full flex-col items-end gap-2 whitespace-pre-wrap break-words [.text-message+&amp;]:mt-5 overflow-x-auto\" dir=\"auto\" data-message-author-role=\"assistant\" data-message-id=\"c94825fb-1737-4f37-bd79-20e8209d9d29\">\n<div class=\"flex w-full flex-col gap-1 empty:hidden first:pt-[3px]\">\n<div class=\"markdown prose w-full break-words dark:prose-invert light\">\u00d6ver 200 bes\u00f6kare vandrade de 20 kilometrarna in i fj\u00e4llen. Tillsammans med Colby och Donovan, och norska officerare, var Herbert Helgesen och andra deltagare fr\u00e5n den norsk-amerikanska sabotagegruppen, samt fr\u00e5n fj\u00e4llg\u00e5rdarna Gjefsj\u00f8en och Gaundalen.<\/div>\n<div class=\"markdown prose w-full break-words dark:prose-invert light\">Som eskorter f\u00f6r sina amerikanska v\u00e4nner deltog \u00e4ven Gunnar S\u00f8nsteby, Erling Lorentsen och Jan Baalsrud.<\/div>\n<div>\u00a0<\/div>\n<div class=\"markdown prose w-full break-words dark:prose-invert light\">Grunden f\u00f6r ett starkt norsk-amerikanskt partnerskap lades, och uppr\u00e4tth\u00e5lls \u00e4n idag b\u00e5de p\u00e5 Gjefsj\u00f8en och p\u00e5 m\u00e5nga andra fronter. Bilder fr\u00e5n Gjefsj\u00f8en d\u00e4r Donovan har sin plats i h\u00f6gkvarteret, och fr\u00e5n Colbys bok &#8220;Honorable Men.&#8221;<\/div>\n<\/div>\n<\/div>\n<\/div>\n<\/div>\n<\/div>\n\n\n\n<figure class=\"wp-block-image size-large\"><img loading=\"lazy\" decoding=\"async\" width=\"1024\" height=\"731\" src=\"http:\/\/gjefsjo.no\/wp-content\/uploads\/2024\/08\/454398149_889115676591695_413083132829026600_n-1024x731.jpg\" alt=\"Illustrasjon fr\u00e5n William Colbys bok &quot;Honorable Men&quot;. P\u00e5 bildet ser vi troligen f.v. Harald Larsen, Karle Berre, Herbert Helgesen, William Donovan, Jon Moan, William Colby, Kjell S\u00f8rlie och Ludvik Kruksve. \" class=\"wp-image-6993\" srcset=\"https:\/\/gjefsjo.no\/wp-content\/uploads\/2024\/08\/454398149_889115676591695_413083132829026600_n-1024x731.jpg 1024w, https:\/\/gjefsjo.no\/wp-content\/uploads\/2024\/08\/454398149_889115676591695_413083132829026600_n-500x357.jpg 500w, https:\/\/gjefsjo.no\/wp-content\/uploads\/2024\/08\/454398149_889115676591695_413083132829026600_n-768x548.jpg 768w, https:\/\/gjefsjo.no\/wp-content\/uploads\/2024\/08\/454398149_889115676591695_413083132829026600_n.jpg 1051w\" sizes=\"auto, (max-width: 1024px) 100vw, 1024px\" \/><figcaption class=\"wp-element-caption\">Illustrasjon fr\u00e5n William Colbys bok &#8220;Honorable Men&#8221;. P\u00e5 bildet ser vi troligen f.v. Harald Larsen, Karle Berre, Herbert Helgesen, William Donovan, Jon Moan, William Colby, Kjell S\u00f8rlie och Ludvik Kruksve. <\/figcaption><\/figure>\n\n\n\n<figure class=\"wp-block-image size-full is-resized\"><img loading=\"lazy\" decoding=\"async\" width=\"750\" height=\"608\" src=\"http:\/\/gjefsjo.no\/wp-content\/uploads\/2024\/08\/454256510_889115669925029_3454539073457708631_n.jpg\" alt=\"Illustrasjon fr\u00e5n William Colbys bok &quot;Honorable Men&quot;\" class=\"wp-image-6990\" style=\"width:840px;height:auto\" srcset=\"https:\/\/gjefsjo.no\/wp-content\/uploads\/2024\/08\/454256510_889115669925029_3454539073457708631_n.jpg 750w, https:\/\/gjefsjo.no\/wp-content\/uploads\/2024\/08\/454256510_889115669925029_3454539073457708631_n-500x405.jpg 500w\" sizes=\"auto, (max-width: 750px) 100vw, 750px\" \/><figcaption class=\"wp-element-caption\">Illustrasjon fr\u00e5n William Colbys bok &#8220;Honorable Men&#8221;<\/figcaption><\/figure>\n","protected":false},"excerpt":{"rendered":"<p>F\u00f6r 75 \u00e5r sedan \u2013 den 7 augusti 1949 \u2013 bes\u00f6kte general William Joseph Donovan, grundaren av Office of Strategic Services, Gjefsj\u00f8fj\u00e4llen. Tillsammans med ledaren f\u00f6r Operation Rype, William Egan Colby, avt\u00e4ckte de minnesm\u00e4rket \u00f6ver fallna soldater p\u00e5 Plukkutj\u00f8nnfjellet.<\/p>\n","protected":false},"author":6,"featured_media":6998,"comment_status":"closed","ping_status":"closed","sticky":false,"template":"","format":"standard","meta":{"_acf_changed":false,"_analytify_skip_tracking":false,"footnotes":""},"categories":[13],"tags":[64,63,67,65,66,62,61],"class_list":["post-7001","post","type-post","status-publish","format-standard","has-post-thumbnail","hentry","category-okategoriserad","tag-erling-lorentsen-sv","tag-gunnar-sonsteby-sv","tag-herbert-helgesen-sv","tag-jan-baalsrud-sv","tag-plukkutjonnfjellet-sv","tag-william-colby-sv","tag-william-joseph-donovan-sv"],"acf":[],"yoast_head":"<!-- This site is optimized with the Yoast SEO plugin v27.2 - https:\/\/yoast.com\/product\/yoast-seo-wordpress\/ -->\n<title>Bes\u00f6k fr\u00e5n William Joseph Donovan och William Colby - Gjefsj\u00f8en Fjellg\u00e5rd<\/title>\n<meta name=\"description\" content=\"F\u00f6r 75 \u00e5r sedan \u2013 den 7 augusti 1949 \u2013 bes\u00f6kte general William Joseph Donovan, grundaren av Office of Strategic Services, Gjefsj\u00f8fj\u00e4llen. Tillsammans med ledaren f\u00f6r Operation Rype, William Egan Colby, avt\u00e4ckte de minnesm\u00e4rket \u00f6ver fallna soldater p\u00e5 Plukkutj\u00f8nnfjellet.\" \/>\n<meta name=\"robots\" content=\"index, follow, max-snippet:-1, max-image-preview:large, max-video-preview:-1\" \/>\n<link rel=\"canonical\" href=\"https:\/\/gjefsjo.no\/sv\/2024\/08\/besok-fran-william-joseph-donovan-och-william-colby\/\" \/>\n<meta property=\"og:locale\" content=\"sv_SE\" \/>\n<meta property=\"og:type\" content=\"article\" \/>\n<meta property=\"og:title\" content=\"Bes\u00f6k fr\u00e5n William Joseph Donovan och William Colby - Gjefsj\u00f8en Fjellg\u00e5rd\" \/>\n<meta property=\"og:description\" content=\"F\u00f6r 75 \u00e5r sedan \u2013 den 7 augusti 1949 \u2013 bes\u00f6kte general William Joseph Donovan, grundaren av Office of Strategic Services, Gjefsj\u00f8fj\u00e4llen. Tillsammans med ledaren f\u00f6r Operation Rype, William Egan Colby, avt\u00e4ckte de minnesm\u00e4rket \u00f6ver fallna soldater p\u00e5 Plukkutj\u00f8nnfjellet.\" \/>\n<meta property=\"og:url\" content=\"https:\/\/gjefsjo.no\/sv\/2024\/08\/besok-fran-william-joseph-donovan-och-william-colby\/\" \/>\n<meta property=\"og:site_name\" content=\"Gjefsj\u00f8en Fjellg\u00e5rd\" \/>\n<meta property=\"article:publisher\" content=\"https:\/\/facebook.com\/gjefsjoenfjellgard\" \/>\n<meta property=\"article:published_time\" content=\"2024-08-08T07:14:22+00:00\" \/>\n<meta property=\"article:modified_time\" content=\"2024-08-08T19:42:18+00:00\" \/>\n<meta property=\"og:image\" content=\"http:\/\/gjefsjo.no\/wp-content\/uploads\/2024\/08\/william-donovan.jpg\" \/>\n\t<meta property=\"og:image:width\" content=\"1125\" \/>\n\t<meta property=\"og:image:height\" content=\"1046\" \/>\n\t<meta property=\"og:image:type\" content=\"image\/jpeg\" \/>\n<meta name=\"author\" content=\"Christian\" \/>\n<meta name=\"twitter:card\" content=\"summary_large_image\" \/>\n<meta name=\"twitter:label1\" content=\"Skriven av\" \/>\n\t<meta name=\"twitter:data1\" content=\"Christian\" \/>\n\t<meta name=\"twitter:label2\" content=\"Ber\u00e4knad l\u00e4stid\" \/>\n\t<meta name=\"twitter:data2\" content=\"1 minut\" \/>\n<script type=\"application\/ld+json\" class=\"yoast-schema-graph\">{\"@context\":\"https:\/\/schema.org\",\"@graph\":[{\"@type\":\"Article\",\"@id\":\"https:\/\/gjefsjo.no\/sv\/2024\/08\/besok-fran-william-joseph-donovan-och-william-colby\/#article\",\"isPartOf\":{\"@id\":\"https:\/\/gjefsjo.no\/sv\/2024\/08\/besok-fran-william-joseph-donovan-och-william-colby\/\"},\"author\":{\"name\":\"Christian\",\"@id\":\"https:\/\/gjefsjo.no\/#\/schema\/person\/fb4ca6523f8257d08b0905dadd8bb882\"},\"headline\":\"Bes\u00f6k fr\u00e5n William Joseph Donovan och William Colby\",\"datePublished\":\"2024-08-08T07:14:22+00:00\",\"dateModified\":\"2024-08-08T19:42:18+00:00\",\"mainEntityOfPage\":{\"@id\":\"https:\/\/gjefsjo.no\/sv\/2024\/08\/besok-fran-william-joseph-donovan-och-william-colby\/\"},\"wordCount\":208,\"publisher\":{\"@id\":\"https:\/\/gjefsjo.no\/#organization\"},\"image\":{\"@id\":\"https:\/\/gjefsjo.no\/sv\/2024\/08\/besok-fran-william-joseph-donovan-och-william-colby\/#primaryimage\"},\"thumbnailUrl\":\"https:\/\/gjefsjo.no\/wp-content\/uploads\/2024\/08\/william-donovan.jpg\",\"keywords\":[\"Erling Lorentsen\",\"Gunnar S\u00f8nsteby\",\"Herbert Helgesen\",\"Jan Baalsrud\",\"Plukkutj\u00f8nnfjellet\",\"William Colby\",\"William Joseph Donovan\"],\"articleSection\":[\"Okategoriserad\"],\"inLanguage\":\"sv-SE\"},{\"@type\":\"WebPage\",\"@id\":\"https:\/\/gjefsjo.no\/sv\/2024\/08\/besok-fran-william-joseph-donovan-och-william-colby\/\",\"url\":\"https:\/\/gjefsjo.no\/sv\/2024\/08\/besok-fran-william-joseph-donovan-och-william-colby\/\",\"name\":\"Bes\u00f6k fr\u00e5n William Joseph Donovan och William Colby - Gjefsj\u00f8en Fjellg\u00e5rd\",\"isPartOf\":{\"@id\":\"https:\/\/gjefsjo.no\/#website\"},\"primaryImageOfPage\":{\"@id\":\"https:\/\/gjefsjo.no\/sv\/2024\/08\/besok-fran-william-joseph-donovan-och-william-colby\/#primaryimage\"},\"image\":{\"@id\":\"https:\/\/gjefsjo.no\/sv\/2024\/08\/besok-fran-william-joseph-donovan-och-william-colby\/#primaryimage\"},\"thumbnailUrl\":\"https:\/\/gjefsjo.no\/wp-content\/uploads\/2024\/08\/william-donovan.jpg\",\"datePublished\":\"2024-08-08T07:14:22+00:00\",\"dateModified\":\"2024-08-08T19:42:18+00:00\",\"description\":\"F\u00f6r 75 \u00e5r sedan \u2013 den 7 augusti 1949 \u2013 bes\u00f6kte general William Joseph Donovan, grundaren av Office of Strategic Services, Gjefsj\u00f8fj\u00e4llen. Tillsammans med ledaren f\u00f6r Operation Rype, William Egan Colby, avt\u00e4ckte de minnesm\u00e4rket \u00f6ver fallna soldater p\u00e5 Plukkutj\u00f8nnfjellet.\",\"breadcrumb\":{\"@id\":\"https:\/\/gjefsjo.no\/sv\/2024\/08\/besok-fran-william-joseph-donovan-och-william-colby\/#breadcrumb\"},\"inLanguage\":\"sv-SE\",\"potentialAction\":[{\"@type\":\"ReadAction\",\"target\":[\"https:\/\/gjefsjo.no\/sv\/2024\/08\/besok-fran-william-joseph-donovan-och-william-colby\/\"]}]},{\"@type\":\"ImageObject\",\"inLanguage\":\"sv-SE\",\"@id\":\"https:\/\/gjefsjo.no\/sv\/2024\/08\/besok-fran-william-joseph-donovan-och-william-colby\/#primaryimage\",\"url\":\"https:\/\/gjefsjo.no\/wp-content\/uploads\/2024\/08\/william-donovan.jpg\",\"contentUrl\":\"https:\/\/gjefsjo.no\/wp-content\/uploads\/2024\/08\/william-donovan.jpg\",\"width\":1125,\"height\":1046,\"caption\":\"Byste av William Donovan p\u00e5 OSS Gjefsj\u00f8en\"},{\"@type\":\"BreadcrumbList\",\"@id\":\"https:\/\/gjefsjo.no\/sv\/2024\/08\/besok-fran-william-joseph-donovan-och-william-colby\/#breadcrumb\",\"itemListElement\":[{\"@type\":\"ListItem\",\"position\":1,\"name\":\"Hjem\",\"item\":\"https:\/\/gjefsjo.no\/sv\/\"},{\"@type\":\"ListItem\",\"position\":2,\"name\":\"Bes\u00f6k fr\u00e5n William Joseph Donovan och William Colby\"}]},{\"@type\":\"WebSite\",\"@id\":\"https:\/\/gjefsjo.no\/#website\",\"url\":\"https:\/\/gjefsjo.no\/\",\"name\":\"Gjefsj\u00f8en Fjellg\u00e5rd\",\"description\":\"Fjellg\u00e5rd ved idylliske Gjefsj\u00f8en\",\"publisher\":{\"@id\":\"https:\/\/gjefsjo.no\/#organization\"},\"potentialAction\":[{\"@type\":\"SearchAction\",\"target\":{\"@type\":\"EntryPoint\",\"urlTemplate\":\"https:\/\/gjefsjo.no\/?s={search_term_string}\"},\"query-input\":{\"@type\":\"PropertyValueSpecification\",\"valueRequired\":true,\"valueName\":\"search_term_string\"}}],\"inLanguage\":\"sv-SE\"},{\"@type\":\"Organization\",\"@id\":\"https:\/\/gjefsjo.no\/#organization\",\"name\":\"Gjefsj\u00f8en Fjellg\u00e5rd\",\"url\":\"https:\/\/gjefsjo.no\/\",\"logo\":{\"@type\":\"ImageObject\",\"inLanguage\":\"sv-SE\",\"@id\":\"https:\/\/gjefsjo.no\/#\/schema\/logo\/image\/\",\"url\":\"\",\"contentUrl\":\"\",\"caption\":\"Gjefsj\u00f8en Fjellg\u00e5rd\"},\"image\":{\"@id\":\"https:\/\/gjefsjo.no\/#\/schema\/logo\/image\/\"},\"sameAs\":[\"https:\/\/facebook.com\/gjefsjoenfjellgard\",\"https:\/\/www.instagram.com\/gjefsjoenfjellgard\",\"https:\/\/www.linkedin.com\/in\/gjefsjo\/\",\"https:\/\/www.youtube.com\/channel\/UCOC8u2CHZHUEl20KkbPnKsA\",\"https:\/\/no.wikipedia.org\/wiki\/Gjefsjen_Fjellgrd\"]},{\"@type\":\"Person\",\"@id\":\"https:\/\/gjefsjo.no\/#\/schema\/person\/fb4ca6523f8257d08b0905dadd8bb882\",\"name\":\"Christian\",\"image\":{\"@type\":\"ImageObject\",\"inLanguage\":\"sv-SE\",\"@id\":\"https:\/\/secure.gravatar.com\/avatar\/3f58ce9d917f7e1f2cfca25119307bebe9534587bb38bdcfbddde299b2e5c4ca?s=96&d=mm&r=g\",\"url\":\"https:\/\/secure.gravatar.com\/avatar\/3f58ce9d917f7e1f2cfca25119307bebe9534587bb38bdcfbddde299b2e5c4ca?s=96&d=mm&r=g\",\"contentUrl\":\"https:\/\/secure.gravatar.com\/avatar\/3f58ce9d917f7e1f2cfca25119307bebe9534587bb38bdcfbddde299b2e5c4ca?s=96&d=mm&r=g\",\"caption\":\"Christian\"},\"url\":\"https:\/\/gjefsjo.no\/sv\/author\/christian\/\"}]}<\/script>\n<!-- \/ Yoast SEO plugin. -->","yoast_head_json":{"title":"Bes\u00f6k fr\u00e5n William Joseph Donovan och William Colby - Gjefsj\u00f8en Fjellg\u00e5rd","description":"F\u00f6r 75 \u00e5r sedan \u2013 den 7 augusti 1949 \u2013 bes\u00f6kte general William Joseph Donovan, grundaren av Office of Strategic Services, Gjefsj\u00f8fj\u00e4llen. Tillsammans med ledaren f\u00f6r Operation Rype, William Egan Colby, avt\u00e4ckte de minnesm\u00e4rket \u00f6ver fallna soldater p\u00e5 Plukkutj\u00f8nnfjellet.","robots":{"index":"index","follow":"follow","max-snippet":"max-snippet:-1","max-image-preview":"max-image-preview:large","max-video-preview":"max-video-preview:-1"},"canonical":"https:\/\/gjefsjo.no\/sv\/2024\/08\/besok-fran-william-joseph-donovan-och-william-colby\/","og_locale":"sv_SE","og_type":"article","og_title":"Bes\u00f6k fr\u00e5n William Joseph Donovan och William Colby - Gjefsj\u00f8en Fjellg\u00e5rd","og_description":"F\u00f6r 75 \u00e5r sedan \u2013 den 7 augusti 1949 \u2013 bes\u00f6kte general William Joseph Donovan, grundaren av Office of Strategic Services, Gjefsj\u00f8fj\u00e4llen. Tillsammans med ledaren f\u00f6r Operation Rype, William Egan Colby, avt\u00e4ckte de minnesm\u00e4rket \u00f6ver fallna soldater p\u00e5 Plukkutj\u00f8nnfjellet.","og_url":"https:\/\/gjefsjo.no\/sv\/2024\/08\/besok-fran-william-joseph-donovan-och-william-colby\/","og_site_name":"Gjefsj\u00f8en Fjellg\u00e5rd","article_publisher":"https:\/\/facebook.com\/gjefsjoenfjellgard","article_published_time":"2024-08-08T07:14:22+00:00","article_modified_time":"2024-08-08T19:42:18+00:00","og_image":[{"width":1125,"height":1046,"url":"http:\/\/gjefsjo.no\/wp-content\/uploads\/2024\/08\/william-donovan.jpg","type":"image\/jpeg"}],"author":"Christian","twitter_card":"summary_large_image","twitter_misc":{"Skriven av":"Christian","Ber\u00e4knad l\u00e4stid":"1 minut"},"schema":{"@context":"https:\/\/schema.org","@graph":[{"@type":"Article","@id":"https:\/\/gjefsjo.no\/sv\/2024\/08\/besok-fran-william-joseph-donovan-och-william-colby\/#article","isPartOf":{"@id":"https:\/\/gjefsjo.no\/sv\/2024\/08\/besok-fran-william-joseph-donovan-och-william-colby\/"},"author":{"name":"Christian","@id":"https:\/\/gjefsjo.no\/#\/schema\/person\/fb4ca6523f8257d08b0905dadd8bb882"},"headline":"Bes\u00f6k fr\u00e5n William Joseph Donovan och William Colby","datePublished":"2024-08-08T07:14:22+00:00","dateModified":"2024-08-08T19:42:18+00:00","mainEntityOfPage":{"@id":"https:\/\/gjefsjo.no\/sv\/2024\/08\/besok-fran-william-joseph-donovan-och-william-colby\/"},"wordCount":208,"publisher":{"@id":"https:\/\/gjefsjo.no\/#organization"},"image":{"@id":"https:\/\/gjefsjo.no\/sv\/2024\/08\/besok-fran-william-joseph-donovan-och-william-colby\/#primaryimage"},"thumbnailUrl":"https:\/\/gjefsjo.no\/wp-content\/uploads\/2024\/08\/william-donovan.jpg","keywords":["Erling Lorentsen","Gunnar S\u00f8nsteby","Herbert Helgesen","Jan Baalsrud","Plukkutj\u00f8nnfjellet","William Colby","William Joseph Donovan"],"articleSection":["Okategoriserad"],"inLanguage":"sv-SE"},{"@type":"WebPage","@id":"https:\/\/gjefsjo.no\/sv\/2024\/08\/besok-fran-william-joseph-donovan-och-william-colby\/","url":"https:\/\/gjefsjo.no\/sv\/2024\/08\/besok-fran-william-joseph-donovan-och-william-colby\/","name":"Bes\u00f6k fr\u00e5n William Joseph Donovan och William Colby - Gjefsj\u00f8en Fjellg\u00e5rd","isPartOf":{"@id":"https:\/\/gjefsjo.no\/#website"},"primaryImageOfPage":{"@id":"https:\/\/gjefsjo.no\/sv\/2024\/08\/besok-fran-william-joseph-donovan-och-william-colby\/#primaryimage"},"image":{"@id":"https:\/\/gjefsjo.no\/sv\/2024\/08\/besok-fran-william-joseph-donovan-och-william-colby\/#primaryimage"},"thumbnailUrl":"https:\/\/gjefsjo.no\/wp-content\/uploads\/2024\/08\/william-donovan.jpg","datePublished":"2024-08-08T07:14:22+00:00","dateModified":"2024-08-08T19:42:18+00:00","description":"F\u00f6r 75 \u00e5r sedan \u2013 den 7 augusti 1949 \u2013 bes\u00f6kte general William Joseph Donovan, grundaren av Office of Strategic Services, Gjefsj\u00f8fj\u00e4llen. Tillsammans med ledaren f\u00f6r Operation Rype, William Egan Colby, avt\u00e4ckte de minnesm\u00e4rket \u00f6ver fallna soldater p\u00e5 Plukkutj\u00f8nnfjellet.","breadcrumb":{"@id":"https:\/\/gjefsjo.no\/sv\/2024\/08\/besok-fran-william-joseph-donovan-och-william-colby\/#breadcrumb"},"inLanguage":"sv-SE","potentialAction":[{"@type":"ReadAction","target":["https:\/\/gjefsjo.no\/sv\/2024\/08\/besok-fran-william-joseph-donovan-och-william-colby\/"]}]},{"@type":"ImageObject","inLanguage":"sv-SE","@id":"https:\/\/gjefsjo.no\/sv\/2024\/08\/besok-fran-william-joseph-donovan-och-william-colby\/#primaryimage","url":"https:\/\/gjefsjo.no\/wp-content\/uploads\/2024\/08\/william-donovan.jpg","contentUrl":"https:\/\/gjefsjo.no\/wp-content\/uploads\/2024\/08\/william-donovan.jpg","width":1125,"height":1046,"caption":"Byste av William Donovan p\u00e5 OSS Gjefsj\u00f8en"},{"@type":"BreadcrumbList","@id":"https:\/\/gjefsjo.no\/sv\/2024\/08\/besok-fran-william-joseph-donovan-och-william-colby\/#breadcrumb","itemListElement":[{"@type":"ListItem","position":1,"name":"Hjem","item":"https:\/\/gjefsjo.no\/sv\/"},{"@type":"ListItem","position":2,"name":"Bes\u00f6k fr\u00e5n William Joseph Donovan och William Colby"}]},{"@type":"WebSite","@id":"https:\/\/gjefsjo.no\/#website","url":"https:\/\/gjefsjo.no\/","name":"Gjefsj\u00f8en Fjellg\u00e5rd","description":"Fjellg\u00e5rd ved idylliske Gjefsj\u00f8en","publisher":{"@id":"https:\/\/gjefsjo.no\/#organization"},"potentialAction":[{"@type":"SearchAction","target":{"@type":"EntryPoint","urlTemplate":"https:\/\/gjefsjo.no\/?s={search_term_string}"},"query-input":{"@type":"PropertyValueSpecification","valueRequired":true,"valueName":"search_term_string"}}],"inLanguage":"sv-SE"},{"@type":"Organization","@id":"https:\/\/gjefsjo.no\/#organization","name":"Gjefsj\u00f8en Fjellg\u00e5rd","url":"https:\/\/gjefsjo.no\/","logo":{"@type":"ImageObject","inLanguage":"sv-SE","@id":"https:\/\/gjefsjo.no\/#\/schema\/logo\/image\/","url":"","contentUrl":"","caption":"Gjefsj\u00f8en Fjellg\u00e5rd"},"image":{"@id":"https:\/\/gjefsjo.no\/#\/schema\/logo\/image\/"},"sameAs":["https:\/\/facebook.com\/gjefsjoenfjellgard","https:\/\/www.instagram.com\/gjefsjoenfjellgard","https:\/\/www.linkedin.com\/in\/gjefsjo\/","https:\/\/www.youtube.com\/channel\/UCOC8u2CHZHUEl20KkbPnKsA","https:\/\/no.wikipedia.org\/wiki\/Gjefsjen_Fjellgrd"]},{"@type":"Person","@id":"https:\/\/gjefsjo.no\/#\/schema\/person\/fb4ca6523f8257d08b0905dadd8bb882","name":"Christian","image":{"@type":"ImageObject","inLanguage":"sv-SE","@id":"https:\/\/secure.gravatar.com\/avatar\/3f58ce9d917f7e1f2cfca25119307bebe9534587bb38bdcfbddde299b2e5c4ca?s=96&d=mm&r=g","url":"https:\/\/secure.gravatar.com\/avatar\/3f58ce9d917f7e1f2cfca25119307bebe9534587bb38bdcfbddde299b2e5c4ca?s=96&d=mm&r=g","contentUrl":"https:\/\/secure.gravatar.com\/avatar\/3f58ce9d917f7e1f2cfca25119307bebe9534587bb38bdcfbddde299b2e5c4ca?s=96&d=mm&r=g","caption":"Christian"},"url":"https:\/\/gjefsjo.no\/sv\/author\/christian\/"}]}},"_links":{"self":[{"href":"https:\/\/gjefsjo.no\/sv\/wp-json\/wp\/v2\/posts\/7001","targetHints":{"allow":["GET"]}}],"collection":[{"href":"https:\/\/gjefsjo.no\/sv\/wp-json\/wp\/v2\/posts"}],"about":[{"href":"https:\/\/gjefsjo.no\/sv\/wp-json\/wp\/v2\/types\/post"}],"author":[{"embeddable":true,"href":"https:\/\/gjefsjo.no\/sv\/wp-json\/wp\/v2\/users\/6"}],"replies":[{"embeddable":true,"href":"https:\/\/gjefsjo.no\/sv\/wp-json\/wp\/v2\/comments?post=7001"}],"version-history":[{"count":0,"href":"https:\/\/gjefsjo.no\/sv\/wp-json\/wp\/v2\/posts\/7001\/revisions"}],"wp:featuredmedia":[{"embeddable":true,"href":"https:\/\/gjefsjo.no\/sv\/wp-json\/wp\/v2\/media\/6998"}],"wp:attachment":[{"href":"https:\/\/gjefsjo.no\/sv\/wp-json\/wp\/v2\/media?parent=7001"}],"wp:term":[{"taxonomy":"category","embeddable":true,"href":"https:\/\/gjefsjo.no\/sv\/wp-json\/wp\/v2\/categories?post=7001"},{"taxonomy":"post_tag","embeddable":true,"href":"https:\/\/gjefsjo.no\/sv\/wp-json\/wp\/v2\/tags?post=7001"}],"curies":[{"name":"wp","href":"https:\/\/api.w.org\/{rel}","templated":true}]}}