{"id":5229,"date":"2021-03-31T21:35:15","date_gmt":"2021-03-31T19:35:15","guid":{"rendered":"https:\/\/gjefsjo.no\/2021\/03\/manedens-akevitt-fra-norske-akevitters-venner\/"},"modified":"2021-03-31T21:35:15","modified_gmt":"2021-03-31T19:35:15","slug":"manedens-akevitt-fra-norske-akevitters-venner","status":"publish","type":"post","link":"https:\/\/gjefsjo.no\/sv\/2021\/03\/manedens-akevitt-fra-norske-akevitters-venner\/","title":{"rendered":"M\u00e5nedens akevitt fra Norske akevitters venner"},"content":{"rendered":"\n<figure class=\"wp-block-image size-large\"><img loading=\"lazy\" decoding=\"async\" width=\"1024\" height=\"790\" src=\"https:\/\/gjefsjo.no\/wp-content\/uploads\/2021\/03\/manedens-akevitt-1024x790.jpg\" alt=\"\" class=\"wp-image-5053\" srcset=\"https:\/\/gjefsjo.no\/wp-content\/uploads\/2021\/03\/manedens-akevitt-1024x790.jpg 1024w, https:\/\/gjefsjo.no\/wp-content\/uploads\/2021\/03\/manedens-akevitt-500x386.jpg 500w, https:\/\/gjefsjo.no\/wp-content\/uploads\/2021\/03\/manedens-akevitt-768x592.jpg 768w, https:\/\/gjefsjo.no\/wp-content\/uploads\/2021\/03\/manedens-akevitt.jpg 1215w\" sizes=\"auto, (max-width: 1024px) 100vw, 1024px\" \/><\/figure><p>V\u00e5ren 1945 droppes en gruppe fallskjermjegere i Sn\u00e5safjella. Gjefsj\u00f8en fjellg\u00e5rd var hovedkvarter for operasjonen, som var den eneste amerikanskledede under andre verdenskrig. N\u00e5 restaureres bygningen ved Gjefsj\u00f8en og samtidig lanseres en egen akevitt for \u00e5 hedre Operasjon Rype.<\/p>\r\n<p><a href=\"https:\/\/norsk-akevitt.org\/gjefsjoakevitt-operasjon-rype-1945\/\" target=\"_blank\" rel=\"noopener\">Les hele saken p\u00e5 Norske akevitters venner<\/a><\/p>\r\n","protected":false},"excerpt":{"rendered":"<p>V\u00e5ren 1945 droppes en gruppe fallskjermjegere i Sn\u00e5safjella. Gjefsj\u00f8en fjellg\u00e5rd var hovedkvarter for operasjonen, som var den eneste amerikanskledede under andre verdenskrig. N\u00e5 restaureres bygningen ved Gjefsj\u00f8en og samtidig lanseres en egen akevitt for \u00e5 hedre Operasjon Rype. Les hele saken p\u00e5 Norske akevitters venner<\/p>\n","protected":false},"author":6,"featured_media":5058,"comment_status":"open","ping_status":"open","sticky":false,"template":"","format":"standard","meta":{"_acf_changed":false,"_analytify_skip_tracking":false,"footnotes":""},"categories":[13],"tags":[],"class_list":["post-5229","post","type-post","status-publish","format-standard","has-post-thumbnail","hentry","category-okategoriserad"],"acf":[],"yoast_head":"<!-- This site is optimized with the Yoast SEO plugin v27.2 - https:\/\/yoast.com\/product\/yoast-seo-wordpress\/ -->\n<title>M\u00e5nedens akevitt fra Norske akevitters venner - Gjefsj\u00f8en Fjellg\u00e5rd | Gjefsj\u00f8akevitt<\/title>\n<meta name=\"description\" content=\"V\u00e5ren 1945 droppes en gruppe fallskjermjegere i Sn\u00e5safjella. Gjefsj\u00f8en fjellg\u00e5rd var hovedkvarter for operasjonen, som var den eneste amerikanskledede under andre verdenskrig. N\u00e5 restaureres bygningen ved Gjefsj\u00f8en og samtidig lanseres en egen akevitt for \u00e5 hedre Operasjon Rype.\" \/>\n<meta name=\"robots\" content=\"index, follow, max-snippet:-1, max-image-preview:large, max-video-preview:-1\" \/>\n<link rel=\"canonical\" href=\"https:\/\/gjefsjo.no\/sv\/2021\/03\/manedens-akevitt-fra-norske-akevitters-venner\/\" \/>\n<meta property=\"og:locale\" content=\"sv_SE\" \/>\n<meta property=\"og:type\" content=\"article\" \/>\n<meta property=\"og:title\" content=\"M\u00e5nedens akevitt fra Norske akevitters venner - Gjefsj\u00f8en Fjellg\u00e5rd | Gjefsj\u00f8akevitt\" \/>\n<meta property=\"og:description\" content=\"V\u00e5ren 1945 droppes en gruppe fallskjermjegere i Sn\u00e5safjella. Gjefsj\u00f8en fjellg\u00e5rd var hovedkvarter for operasjonen, som var den eneste amerikanskledede under andre verdenskrig. N\u00e5 restaureres bygningen ved Gjefsj\u00f8en og samtidig lanseres en egen akevitt for \u00e5 hedre Operasjon Rype.\" \/>\n<meta property=\"og:url\" content=\"https:\/\/gjefsjo.no\/sv\/2021\/03\/manedens-akevitt-fra-norske-akevitters-venner\/\" \/>\n<meta property=\"og:site_name\" content=\"Gjefsj\u00f8en Fjellg\u00e5rd\" \/>\n<meta property=\"article:publisher\" content=\"https:\/\/facebook.com\/gjefsjoenfjellgard\" \/>\n<meta property=\"article:published_time\" content=\"2021-03-31T19:35:15+00:00\" \/>\n<meta property=\"og:image\" content=\"https:\/\/gjefsjo.no\/wp-content\/uploads\/2021\/03\/manedens-akevitt2.jpg\" \/>\n\t<meta property=\"og:image:width\" content=\"1291\" \/>\n\t<meta property=\"og:image:height\" content=\"345\" \/>\n\t<meta property=\"og:image:type\" content=\"image\/jpeg\" \/>\n<meta name=\"author\" content=\"Christian\" \/>\n<meta name=\"twitter:card\" content=\"summary_large_image\" \/>\n<meta name=\"twitter:label1\" content=\"Skriven av\" \/>\n\t<meta name=\"twitter:data1\" content=\"Christian\" \/>\n<script type=\"application\/ld+json\" class=\"yoast-schema-graph\">{\"@context\":\"https:\/\/schema.org\",\"@graph\":[{\"@type\":\"Article\",\"@id\":\"https:\/\/gjefsjo.no\/sv\/2021\/03\/manedens-akevitt-fra-norske-akevitters-venner\/#article\",\"isPartOf\":{\"@id\":\"https:\/\/gjefsjo.no\/sv\/2021\/03\/manedens-akevitt-fra-norske-akevitters-venner\/\"},\"author\":{\"name\":\"Christian\",\"@id\":\"https:\/\/gjefsjo.no\/#\/schema\/person\/fb4ca6523f8257d08b0905dadd8bb882\"},\"headline\":\"M\u00e5nedens akevitt fra Norske akevitters venner\",\"datePublished\":\"2021-03-31T19:35:15+00:00\",\"mainEntityOfPage\":{\"@id\":\"https:\/\/gjefsjo.no\/sv\/2021\/03\/manedens-akevitt-fra-norske-akevitters-venner\/\"},\"wordCount\":55,\"commentCount\":0,\"publisher\":{\"@id\":\"https:\/\/gjefsjo.no\/#organization\"},\"image\":{\"@id\":\"https:\/\/gjefsjo.no\/sv\/2021\/03\/manedens-akevitt-fra-norske-akevitters-venner\/#primaryimage\"},\"thumbnailUrl\":\"https:\/\/gjefsjo.no\/wp-content\/uploads\/2021\/03\/manedens-akevitt2.jpg\",\"articleSection\":[\"Okategoriserad\"],\"inLanguage\":\"sv-SE\"},{\"@type\":\"WebPage\",\"@id\":\"https:\/\/gjefsjo.no\/sv\/2021\/03\/manedens-akevitt-fra-norske-akevitters-venner\/\",\"url\":\"https:\/\/gjefsjo.no\/sv\/2021\/03\/manedens-akevitt-fra-norske-akevitters-venner\/\",\"name\":\"M\u00e5nedens akevitt fra Norske akevitters venner - Gjefsj\u00f8en Fjellg\u00e5rd | Gjefsj\u00f8akevitt\",\"isPartOf\":{\"@id\":\"https:\/\/gjefsjo.no\/#website\"},\"primaryImageOfPage\":{\"@id\":\"https:\/\/gjefsjo.no\/sv\/2021\/03\/manedens-akevitt-fra-norske-akevitters-venner\/#primaryimage\"},\"image\":{\"@id\":\"https:\/\/gjefsjo.no\/sv\/2021\/03\/manedens-akevitt-fra-norske-akevitters-venner\/#primaryimage\"},\"thumbnailUrl\":\"https:\/\/gjefsjo.no\/wp-content\/uploads\/2021\/03\/manedens-akevitt2.jpg\",\"datePublished\":\"2021-03-31T19:35:15+00:00\",\"description\":\"V\u00e5ren 1945 droppes en gruppe fallskjermjegere i Sn\u00e5safjella. Gjefsj\u00f8en fjellg\u00e5rd var hovedkvarter for operasjonen, som var den eneste amerikanskledede under andre verdenskrig. N\u00e5 restaureres bygningen ved Gjefsj\u00f8en og samtidig lanseres en egen akevitt for \u00e5 hedre Operasjon Rype.\",\"breadcrumb\":{\"@id\":\"https:\/\/gjefsjo.no\/sv\/2021\/03\/manedens-akevitt-fra-norske-akevitters-venner\/#breadcrumb\"},\"inLanguage\":\"sv-SE\",\"potentialAction\":[{\"@type\":\"ReadAction\",\"target\":[\"https:\/\/gjefsjo.no\/sv\/2021\/03\/manedens-akevitt-fra-norske-akevitters-venner\/\"]}]},{\"@type\":\"ImageObject\",\"inLanguage\":\"sv-SE\",\"@id\":\"https:\/\/gjefsjo.no\/sv\/2021\/03\/manedens-akevitt-fra-norske-akevitters-venner\/#primaryimage\",\"url\":\"https:\/\/gjefsjo.no\/wp-content\/uploads\/2021\/03\/manedens-akevitt2.jpg\",\"contentUrl\":\"https:\/\/gjefsjo.no\/wp-content\/uploads\/2021\/03\/manedens-akevitt2.jpg\",\"width\":1291,\"height\":345,\"caption\":\"M\u00e5nedens akevitt\"},{\"@type\":\"BreadcrumbList\",\"@id\":\"https:\/\/gjefsjo.no\/sv\/2021\/03\/manedens-akevitt-fra-norske-akevitters-venner\/#breadcrumb\",\"itemListElement\":[{\"@type\":\"ListItem\",\"position\":1,\"name\":\"Hjem\",\"item\":\"https:\/\/gjefsjo.no\/sv\/\"},{\"@type\":\"ListItem\",\"position\":2,\"name\":\"M\u00e5nedens akevitt fra Norske akevitters venner\"}]},{\"@type\":\"WebSite\",\"@id\":\"https:\/\/gjefsjo.no\/#website\",\"url\":\"https:\/\/gjefsjo.no\/\",\"name\":\"Gjefsj\u00f8en Fjellg\u00e5rd\",\"description\":\"Fjellg\u00e5rd ved idylliske Gjefsj\u00f8en\",\"publisher\":{\"@id\":\"https:\/\/gjefsjo.no\/#organization\"},\"potentialAction\":[{\"@type\":\"SearchAction\",\"target\":{\"@type\":\"EntryPoint\",\"urlTemplate\":\"https:\/\/gjefsjo.no\/?s={search_term_string}\"},\"query-input\":{\"@type\":\"PropertyValueSpecification\",\"valueRequired\":true,\"valueName\":\"search_term_string\"}}],\"inLanguage\":\"sv-SE\"},{\"@type\":\"Organization\",\"@id\":\"https:\/\/gjefsjo.no\/#organization\",\"name\":\"Gjefsj\u00f8en Fjellg\u00e5rd\",\"url\":\"https:\/\/gjefsjo.no\/\",\"logo\":{\"@type\":\"ImageObject\",\"inLanguage\":\"sv-SE\",\"@id\":\"https:\/\/gjefsjo.no\/#\/schema\/logo\/image\/\",\"url\":\"\",\"contentUrl\":\"\",\"caption\":\"Gjefsj\u00f8en Fjellg\u00e5rd\"},\"image\":{\"@id\":\"https:\/\/gjefsjo.no\/#\/schema\/logo\/image\/\"},\"sameAs\":[\"https:\/\/facebook.com\/gjefsjoenfjellgard\",\"https:\/\/www.instagram.com\/gjefsjoenfjellgard\",\"https:\/\/www.linkedin.com\/in\/gjefsjo\/\",\"https:\/\/www.youtube.com\/channel\/UCOC8u2CHZHUEl20KkbPnKsA\",\"https:\/\/no.wikipedia.org\/wiki\/Gjefsjen_Fjellgrd\"]},{\"@type\":\"Person\",\"@id\":\"https:\/\/gjefsjo.no\/#\/schema\/person\/fb4ca6523f8257d08b0905dadd8bb882\",\"name\":\"Christian\",\"image\":{\"@type\":\"ImageObject\",\"inLanguage\":\"sv-SE\",\"@id\":\"https:\/\/secure.gravatar.com\/avatar\/3f58ce9d917f7e1f2cfca25119307bebe9534587bb38bdcfbddde299b2e5c4ca?s=96&d=mm&r=g\",\"url\":\"https:\/\/secure.gravatar.com\/avatar\/3f58ce9d917f7e1f2cfca25119307bebe9534587bb38bdcfbddde299b2e5c4ca?s=96&d=mm&r=g\",\"contentUrl\":\"https:\/\/secure.gravatar.com\/avatar\/3f58ce9d917f7e1f2cfca25119307bebe9534587bb38bdcfbddde299b2e5c4ca?s=96&d=mm&r=g\",\"caption\":\"Christian\"},\"url\":\"https:\/\/gjefsjo.no\/sv\/author\/christian\/\"}]}<\/script>\n<!-- \/ Yoast SEO plugin. -->","yoast_head_json":{"title":"M\u00e5nedens akevitt fra Norske akevitters venner - Gjefsj\u00f8en Fjellg\u00e5rd | Gjefsj\u00f8akevitt","description":"V\u00e5ren 1945 droppes en gruppe fallskjermjegere i Sn\u00e5safjella. Gjefsj\u00f8en fjellg\u00e5rd var hovedkvarter for operasjonen, som var den eneste amerikanskledede under andre verdenskrig. N\u00e5 restaureres bygningen ved Gjefsj\u00f8en og samtidig lanseres en egen akevitt for \u00e5 hedre Operasjon Rype.","robots":{"index":"index","follow":"follow","max-snippet":"max-snippet:-1","max-image-preview":"max-image-preview:large","max-video-preview":"max-video-preview:-1"},"canonical":"https:\/\/gjefsjo.no\/sv\/2021\/03\/manedens-akevitt-fra-norske-akevitters-venner\/","og_locale":"sv_SE","og_type":"article","og_title":"M\u00e5nedens akevitt fra Norske akevitters venner - Gjefsj\u00f8en Fjellg\u00e5rd | Gjefsj\u00f8akevitt","og_description":"V\u00e5ren 1945 droppes en gruppe fallskjermjegere i Sn\u00e5safjella. Gjefsj\u00f8en fjellg\u00e5rd var hovedkvarter for operasjonen, som var den eneste amerikanskledede under andre verdenskrig. N\u00e5 restaureres bygningen ved Gjefsj\u00f8en og samtidig lanseres en egen akevitt for \u00e5 hedre Operasjon Rype.","og_url":"https:\/\/gjefsjo.no\/sv\/2021\/03\/manedens-akevitt-fra-norske-akevitters-venner\/","og_site_name":"Gjefsj\u00f8en Fjellg\u00e5rd","article_publisher":"https:\/\/facebook.com\/gjefsjoenfjellgard","article_published_time":"2021-03-31T19:35:15+00:00","og_image":[{"width":1291,"height":345,"url":"https:\/\/gjefsjo.no\/wp-content\/uploads\/2021\/03\/manedens-akevitt2.jpg","type":"image\/jpeg"}],"author":"Christian","twitter_card":"summary_large_image","twitter_misc":{"Skriven av":"Christian"},"schema":{"@context":"https:\/\/schema.org","@graph":[{"@type":"Article","@id":"https:\/\/gjefsjo.no\/sv\/2021\/03\/manedens-akevitt-fra-norske-akevitters-venner\/#article","isPartOf":{"@id":"https:\/\/gjefsjo.no\/sv\/2021\/03\/manedens-akevitt-fra-norske-akevitters-venner\/"},"author":{"name":"Christian","@id":"https:\/\/gjefsjo.no\/#\/schema\/person\/fb4ca6523f8257d08b0905dadd8bb882"},"headline":"M\u00e5nedens akevitt fra Norske akevitters venner","datePublished":"2021-03-31T19:35:15+00:00","mainEntityOfPage":{"@id":"https:\/\/gjefsjo.no\/sv\/2021\/03\/manedens-akevitt-fra-norske-akevitters-venner\/"},"wordCount":55,"commentCount":0,"publisher":{"@id":"https:\/\/gjefsjo.no\/#organization"},"image":{"@id":"https:\/\/gjefsjo.no\/sv\/2021\/03\/manedens-akevitt-fra-norske-akevitters-venner\/#primaryimage"},"thumbnailUrl":"https:\/\/gjefsjo.no\/wp-content\/uploads\/2021\/03\/manedens-akevitt2.jpg","articleSection":["Okategoriserad"],"inLanguage":"sv-SE"},{"@type":"WebPage","@id":"https:\/\/gjefsjo.no\/sv\/2021\/03\/manedens-akevitt-fra-norske-akevitters-venner\/","url":"https:\/\/gjefsjo.no\/sv\/2021\/03\/manedens-akevitt-fra-norske-akevitters-venner\/","name":"M\u00e5nedens akevitt fra Norske akevitters venner - Gjefsj\u00f8en Fjellg\u00e5rd | Gjefsj\u00f8akevitt","isPartOf":{"@id":"https:\/\/gjefsjo.no\/#website"},"primaryImageOfPage":{"@id":"https:\/\/gjefsjo.no\/sv\/2021\/03\/manedens-akevitt-fra-norske-akevitters-venner\/#primaryimage"},"image":{"@id":"https:\/\/gjefsjo.no\/sv\/2021\/03\/manedens-akevitt-fra-norske-akevitters-venner\/#primaryimage"},"thumbnailUrl":"https:\/\/gjefsjo.no\/wp-content\/uploads\/2021\/03\/manedens-akevitt2.jpg","datePublished":"2021-03-31T19:35:15+00:00","description":"V\u00e5ren 1945 droppes en gruppe fallskjermjegere i Sn\u00e5safjella. Gjefsj\u00f8en fjellg\u00e5rd var hovedkvarter for operasjonen, som var den eneste amerikanskledede under andre verdenskrig. N\u00e5 restaureres bygningen ved Gjefsj\u00f8en og samtidig lanseres en egen akevitt for \u00e5 hedre Operasjon Rype.","breadcrumb":{"@id":"https:\/\/gjefsjo.no\/sv\/2021\/03\/manedens-akevitt-fra-norske-akevitters-venner\/#breadcrumb"},"inLanguage":"sv-SE","potentialAction":[{"@type":"ReadAction","target":["https:\/\/gjefsjo.no\/sv\/2021\/03\/manedens-akevitt-fra-norske-akevitters-venner\/"]}]},{"@type":"ImageObject","inLanguage":"sv-SE","@id":"https:\/\/gjefsjo.no\/sv\/2021\/03\/manedens-akevitt-fra-norske-akevitters-venner\/#primaryimage","url":"https:\/\/gjefsjo.no\/wp-content\/uploads\/2021\/03\/manedens-akevitt2.jpg","contentUrl":"https:\/\/gjefsjo.no\/wp-content\/uploads\/2021\/03\/manedens-akevitt2.jpg","width":1291,"height":345,"caption":"M\u00e5nedens akevitt"},{"@type":"BreadcrumbList","@id":"https:\/\/gjefsjo.no\/sv\/2021\/03\/manedens-akevitt-fra-norske-akevitters-venner\/#breadcrumb","itemListElement":[{"@type":"ListItem","position":1,"name":"Hjem","item":"https:\/\/gjefsjo.no\/sv\/"},{"@type":"ListItem","position":2,"name":"M\u00e5nedens akevitt fra Norske akevitters venner"}]},{"@type":"WebSite","@id":"https:\/\/gjefsjo.no\/#website","url":"https:\/\/gjefsjo.no\/","name":"Gjefsj\u00f8en Fjellg\u00e5rd","description":"Fjellg\u00e5rd ved idylliske Gjefsj\u00f8en","publisher":{"@id":"https:\/\/gjefsjo.no\/#organization"},"potentialAction":[{"@type":"SearchAction","target":{"@type":"EntryPoint","urlTemplate":"https:\/\/gjefsjo.no\/?s={search_term_string}"},"query-input":{"@type":"PropertyValueSpecification","valueRequired":true,"valueName":"search_term_string"}}],"inLanguage":"sv-SE"},{"@type":"Organization","@id":"https:\/\/gjefsjo.no\/#organization","name":"Gjefsj\u00f8en Fjellg\u00e5rd","url":"https:\/\/gjefsjo.no\/","logo":{"@type":"ImageObject","inLanguage":"sv-SE","@id":"https:\/\/gjefsjo.no\/#\/schema\/logo\/image\/","url":"","contentUrl":"","caption":"Gjefsj\u00f8en Fjellg\u00e5rd"},"image":{"@id":"https:\/\/gjefsjo.no\/#\/schema\/logo\/image\/"},"sameAs":["https:\/\/facebook.com\/gjefsjoenfjellgard","https:\/\/www.instagram.com\/gjefsjoenfjellgard","https:\/\/www.linkedin.com\/in\/gjefsjo\/","https:\/\/www.youtube.com\/channel\/UCOC8u2CHZHUEl20KkbPnKsA","https:\/\/no.wikipedia.org\/wiki\/Gjefsjen_Fjellgrd"]},{"@type":"Person","@id":"https:\/\/gjefsjo.no\/#\/schema\/person\/fb4ca6523f8257d08b0905dadd8bb882","name":"Christian","image":{"@type":"ImageObject","inLanguage":"sv-SE","@id":"https:\/\/secure.gravatar.com\/avatar\/3f58ce9d917f7e1f2cfca25119307bebe9534587bb38bdcfbddde299b2e5c4ca?s=96&d=mm&r=g","url":"https:\/\/secure.gravatar.com\/avatar\/3f58ce9d917f7e1f2cfca25119307bebe9534587bb38bdcfbddde299b2e5c4ca?s=96&d=mm&r=g","contentUrl":"https:\/\/secure.gravatar.com\/avatar\/3f58ce9d917f7e1f2cfca25119307bebe9534587bb38bdcfbddde299b2e5c4ca?s=96&d=mm&r=g","caption":"Christian"},"url":"https:\/\/gjefsjo.no\/sv\/author\/christian\/"}]}},"_links":{"self":[{"href":"https:\/\/gjefsjo.no\/sv\/wp-json\/wp\/v2\/posts\/5229","targetHints":{"allow":["GET"]}}],"collection":[{"href":"https:\/\/gjefsjo.no\/sv\/wp-json\/wp\/v2\/posts"}],"about":[{"href":"https:\/\/gjefsjo.no\/sv\/wp-json\/wp\/v2\/types\/post"}],"author":[{"embeddable":true,"href":"https:\/\/gjefsjo.no\/sv\/wp-json\/wp\/v2\/users\/6"}],"replies":[{"embeddable":true,"href":"https:\/\/gjefsjo.no\/sv\/wp-json\/wp\/v2\/comments?post=5229"}],"version-history":[{"count":0,"href":"https:\/\/gjefsjo.no\/sv\/wp-json\/wp\/v2\/posts\/5229\/revisions"}],"wp:featuredmedia":[{"embeddable":true,"href":"https:\/\/gjefsjo.no\/sv\/wp-json\/wp\/v2\/media\/5058"}],"wp:attachment":[{"href":"https:\/\/gjefsjo.no\/sv\/wp-json\/wp\/v2\/media?parent=5229"}],"wp:term":[{"taxonomy":"category","embeddable":true,"href":"https:\/\/gjefsjo.no\/sv\/wp-json\/wp\/v2\/categories?post=5229"},{"taxonomy":"post_tag","embeddable":true,"href":"https:\/\/gjefsjo.no\/sv\/wp-json\/wp\/v2\/tags?post=5229"}],"curies":[{"name":"wp","href":"https:\/\/api.w.org\/{rel}","templated":true}]}}