{"id":5219,"date":"2021-03-31T21:31:21","date_gmt":"2021-03-31T19:31:21","guid":{"rendered":"https:\/\/gjefsjo.no\/2021\/03\/artikkel-om-oss-gjefsjoen-i-militaerhistorie-nr-2-2021\/"},"modified":"2021-03-31T21:31:22","modified_gmt":"2021-03-31T19:31:22","slug":"artikkel-om-oss-gjefsjoen-i-militaerhistorie-nr-2-2021","status":"publish","type":"post","link":"https:\/\/gjefsjo.no\/sv\/2021\/03\/artikkel-om-oss-gjefsjoen-i-militaerhistorie-nr-2-2021\/","title":{"rendered":"Artikkel om OSS Gjefsj\u00f8en i Milit\u00e6rhistorie nr 2 &#8211; 2021"},"content":{"rendered":"<p><b>V\u00e5ren 1945 var Gjefsj\u00f8en fjellg\u00e5rd base for Operasjon Rype. N\u00e5 restaureres bygningen som var hovedkvarter for operasjonen. Samtidig lanseres en egen akevitt for \u00e5 hedre operasjonen. Les artikkel av Lars Bugge Aarset i tidsskriftet &#8220;Milit\u00e6rhistorie&#8221; nr. 2 &#8211; 2021.<\/b><\/p>\r\n<p>Bladet er til salgs hos Narvesen og p\u00e5 <a href=\"https:\/\/mht.no\/\" target=\"_blank\" rel=\"noopener\">forlagets nettside<\/a><\/p>\r\n<p>\u00a0<\/p>\r\n\n<figure class=\"wp-block-gallery columns-3 is-cropped wp-block-gallery-1 is-layout-flex wp-block-gallery-is-layout-flex\"><ul class=\"blocks-gallery-grid\"><li class=\"blocks-gallery-item\"><figure><img loading=\"lazy\" decoding=\"async\" width=\"1024\" height=\"1536\" src=\"http:\/\/gjefsjo.no\/wp-content\/uploads\/2021\/03\/oss-gjefsjoen-militaerhistorie-nr-2-2021-1-1024x1536.jpg\" alt=\"\" data-id=\"5151\" data-full-url=\"http:\/\/gjefsjo.no\/wp-content\/uploads\/2021\/03\/oss-gjefsjoen-militaerhistorie-nr-2-2021-1.jpg\" data-link=\"https:\/\/gjefsjo.no\/?attachment_id=5151\" class=\"wp-image-5151\" srcset=\"https:\/\/gjefsjo.no\/wp-content\/uploads\/2021\/03\/oss-gjefsjoen-militaerhistorie-nr-2-2021-1-1024x1536.jpg 1024w, https:\/\/gjefsjo.no\/wp-content\/uploads\/2021\/03\/oss-gjefsjoen-militaerhistorie-nr-2-2021-1-500x750.jpg 500w, https:\/\/gjefsjo.no\/wp-content\/uploads\/2021\/03\/oss-gjefsjoen-militaerhistorie-nr-2-2021-1-768x1152.jpg 768w, https:\/\/gjefsjo.no\/wp-content\/uploads\/2021\/03\/oss-gjefsjoen-militaerhistorie-nr-2-2021-1.jpg 1333w\" sizes=\"auto, (max-width: 1024px) 100vw, 1024px\" \/><\/figure><\/li><li class=\"blocks-gallery-item\"><figure><img loading=\"lazy\" decoding=\"async\" width=\"1024\" height=\"768\" src=\"http:\/\/gjefsjo.no\/wp-content\/uploads\/2021\/03\/oss-gjefsjoen-militaerhistorie-nr-2-2021-2-1024x768.jpg\" alt=\"Hovedkvarteret til operasjon Rype restaureres - Milit&#xE6;rhistorie nr 2 - 2021\" data-id=\"5154\" data-full-url=\"http:\/\/gjefsjo.no\/wp-content\/uploads\/2021\/03\/oss-gjefsjoen-militaerhistorie-nr-2-2021-2.jpg\" data-link=\"https:\/\/gjefsjo.no\/?attachment_id=5154\" class=\"wp-image-5154\" srcset=\"https:\/\/gjefsjo.no\/wp-content\/uploads\/2021\/03\/oss-gjefsjoen-militaerhistorie-nr-2-2021-2-1024x768.jpg 1024w, https:\/\/gjefsjo.no\/wp-content\/uploads\/2021\/03\/oss-gjefsjoen-militaerhistorie-nr-2-2021-2-500x375.jpg 500w, https:\/\/gjefsjo.no\/wp-content\/uploads\/2021\/03\/oss-gjefsjoen-militaerhistorie-nr-2-2021-2-768x576.jpg 768w, https:\/\/gjefsjo.no\/wp-content\/uploads\/2021\/03\/oss-gjefsjoen-militaerhistorie-nr-2-2021-2-1536x1152.jpg 1536w, https:\/\/gjefsjo.no\/wp-content\/uploads\/2021\/03\/oss-gjefsjoen-militaerhistorie-nr-2-2021-2.jpg 2000w\" sizes=\"auto, (max-width: 1024px) 100vw, 1024px\" \/><\/figure><\/li><li class=\"blocks-gallery-item\"><figure><img loading=\"lazy\" decoding=\"async\" width=\"1024\" height=\"768\" src=\"http:\/\/gjefsjo.no\/wp-content\/uploads\/2021\/03\/oss-gjefsjoen-militaerhistorie-nr-2-2021-3-1024x768.jpg\" alt=\"\" data-id=\"5157\" data-full-url=\"http:\/\/gjefsjo.no\/wp-content\/uploads\/2021\/03\/oss-gjefsjoen-militaerhistorie-nr-2-2021-3.jpg\" data-link=\"https:\/\/gjefsjo.no\/?attachment_id=5157\" class=\"wp-image-5157\" srcset=\"https:\/\/gjefsjo.no\/wp-content\/uploads\/2021\/03\/oss-gjefsjoen-militaerhistorie-nr-2-2021-3-1024x768.jpg 1024w, https:\/\/gjefsjo.no\/wp-content\/uploads\/2021\/03\/oss-gjefsjoen-militaerhistorie-nr-2-2021-3-500x375.jpg 500w, https:\/\/gjefsjo.no\/wp-content\/uploads\/2021\/03\/oss-gjefsjoen-militaerhistorie-nr-2-2021-3-768x576.jpg 768w, https:\/\/gjefsjo.no\/wp-content\/uploads\/2021\/03\/oss-gjefsjoen-militaerhistorie-nr-2-2021-3-1536x1152.jpg 1536w, https:\/\/gjefsjo.no\/wp-content\/uploads\/2021\/03\/oss-gjefsjoen-militaerhistorie-nr-2-2021-3.jpg 2000w\" sizes=\"auto, (max-width: 1024px) 100vw, 1024px\" \/><\/figure><\/li><li class=\"blocks-gallery-item\"><figure><img loading=\"lazy\" decoding=\"async\" width=\"1024\" height=\"768\" src=\"http:\/\/gjefsjo.no\/wp-content\/uploads\/2021\/03\/oss-gjefsjoen-militaerhistorie-nr-2-2021-4-1024x768.jpg\" alt=\"\" data-id=\"5160\" data-full-url=\"http:\/\/gjefsjo.no\/wp-content\/uploads\/2021\/03\/oss-gjefsjoen-militaerhistorie-nr-2-2021-4.jpg\" data-link=\"https:\/\/gjefsjo.no\/?attachment_id=5160\" class=\"wp-image-5160\" srcset=\"https:\/\/gjefsjo.no\/wp-content\/uploads\/2021\/03\/oss-gjefsjoen-militaerhistorie-nr-2-2021-4-1024x768.jpg 1024w, https:\/\/gjefsjo.no\/wp-content\/uploads\/2021\/03\/oss-gjefsjoen-militaerhistorie-nr-2-2021-4-500x375.jpg 500w, https:\/\/gjefsjo.no\/wp-content\/uploads\/2021\/03\/oss-gjefsjoen-militaerhistorie-nr-2-2021-4-768x576.jpg 768w, https:\/\/gjefsjo.no\/wp-content\/uploads\/2021\/03\/oss-gjefsjoen-militaerhistorie-nr-2-2021-4-1536x1152.jpg 1536w, https:\/\/gjefsjo.no\/wp-content\/uploads\/2021\/03\/oss-gjefsjoen-militaerhistorie-nr-2-2021-4.jpg 2000w\" sizes=\"auto, (max-width: 1024px) 100vw, 1024px\" \/><\/figure><\/li><li class=\"blocks-gallery-item\"><figure><img loading=\"lazy\" decoding=\"async\" width=\"1024\" height=\"768\" src=\"http:\/\/gjefsjo.no\/wp-content\/uploads\/2021\/03\/oss-gjefsjoen-militaerhistorie-nr-2-2021-5-1024x768.jpg\" alt=\"\" data-id=\"5163\" data-full-url=\"http:\/\/gjefsjo.no\/wp-content\/uploads\/2021\/03\/oss-gjefsjoen-militaerhistorie-nr-2-2021-5.jpg\" data-link=\"https:\/\/gjefsjo.no\/?attachment_id=5163\" class=\"wp-image-5163\" srcset=\"https:\/\/gjefsjo.no\/wp-content\/uploads\/2021\/03\/oss-gjefsjoen-militaerhistorie-nr-2-2021-5-1024x768.jpg 1024w, https:\/\/gjefsjo.no\/wp-content\/uploads\/2021\/03\/oss-gjefsjoen-militaerhistorie-nr-2-2021-5-500x375.jpg 500w, https:\/\/gjefsjo.no\/wp-content\/uploads\/2021\/03\/oss-gjefsjoen-militaerhistorie-nr-2-2021-5-768x576.jpg 768w, https:\/\/gjefsjo.no\/wp-content\/uploads\/2021\/03\/oss-gjefsjoen-militaerhistorie-nr-2-2021-5-1536x1152.jpg 1536w, https:\/\/gjefsjo.no\/wp-content\/uploads\/2021\/03\/oss-gjefsjoen-militaerhistorie-nr-2-2021-5.jpg 2000w\" sizes=\"auto, (max-width: 1024px) 100vw, 1024px\" \/><\/figure><\/li><li class=\"blocks-gallery-item\"><figure><img loading=\"lazy\" decoding=\"async\" width=\"1024\" height=\"768\" src=\"http:\/\/gjefsjo.no\/wp-content\/uploads\/2021\/03\/oss-gjefsjoen-militaerhistorie-nr-2-2021-6-1024x768.jpg\" alt=\"\" data-id=\"5166\" data-full-url=\"http:\/\/gjefsjo.no\/wp-content\/uploads\/2021\/03\/oss-gjefsjoen-militaerhistorie-nr-2-2021-6.jpg\" data-link=\"https:\/\/gjefsjo.no\/?attachment_id=5166\" class=\"wp-image-5166\" srcset=\"https:\/\/gjefsjo.no\/wp-content\/uploads\/2021\/03\/oss-gjefsjoen-militaerhistorie-nr-2-2021-6-1024x768.jpg 1024w, https:\/\/gjefsjo.no\/wp-content\/uploads\/2021\/03\/oss-gjefsjoen-militaerhistorie-nr-2-2021-6-500x375.jpg 500w, https:\/\/gjefsjo.no\/wp-content\/uploads\/2021\/03\/oss-gjefsjoen-militaerhistorie-nr-2-2021-6-768x576.jpg 768w, https:\/\/gjefsjo.no\/wp-content\/uploads\/2021\/03\/oss-gjefsjoen-militaerhistorie-nr-2-2021-6-1536x1152.jpg 1536w, https:\/\/gjefsjo.no\/wp-content\/uploads\/2021\/03\/oss-gjefsjoen-militaerhistorie-nr-2-2021-6.jpg 2000w\" sizes=\"auto, (max-width: 1024px) 100vw, 1024px\" \/><\/figure><\/li><\/ul><\/figure>","protected":false},"excerpt":{"rendered":"<p>V\u00e5ren 1945 var Gjefsj\u00f8en fjellg\u00e5rd base for Operasjon Rype. N\u00e5 restaureres bygningen som var hovedkvarter for operasjonen. Samtidig lanseres en egen akevitt for \u00e5 hedre operasjonen. Les artikkel av Lars Bugge Aarset i tidsskriftet &#8220;Milit\u00e6rhistorie&#8221; nr. 2 &#8211; 2021. Bladet er til salgs hos Narvesen og p\u00e5 forlagets nettside \u00a0<\/p>\n","protected":false},"author":6,"featured_media":5156,"comment_status":"open","ping_status":"open","sticky":false,"template":"","format":"standard","meta":{"_acf_changed":false,"_analytify_skip_tracking":false,"footnotes":""},"categories":[13],"tags":[],"class_list":["post-5219","post","type-post","status-publish","format-standard","has-post-thumbnail","hentry","category-okategoriserad"],"acf":[],"yoast_head":"<!-- This site is optimized with the Yoast SEO plugin v27.2 - https:\/\/yoast.com\/product\/yoast-seo-wordpress\/ -->\n<title>Artikkel om OSS Gjefsj\u00f8en i Milit\u00e6rhistorie nr 2 - 2021 - Gjefsj\u00f8en Fjellg\u00e5rd | Operasjon Rype<\/title>\n<meta name=\"description\" content=\"Artikkel om OSS Gjefsj\u00f8en og restaureringen av hovedkvarteret til Operasjon Rype i Milit\u00e6rhistorie nr 2 - 2021\" \/>\n<meta name=\"robots\" content=\"index, follow, max-snippet:-1, max-image-preview:large, max-video-preview:-1\" \/>\n<link rel=\"canonical\" href=\"https:\/\/gjefsjo.no\/sv\/2021\/03\/artikkel-om-oss-gjefsjoen-i-militaerhistorie-nr-2-2021\/\" \/>\n<meta property=\"og:locale\" content=\"sv_SE\" \/>\n<meta property=\"og:type\" content=\"article\" \/>\n<meta property=\"og:title\" content=\"Artikkel om OSS Gjefsj\u00f8en i Milit\u00e6rhistorie nr 2 - 2021 - Gjefsj\u00f8en Fjellg\u00e5rd | Operasjon Rype\" \/>\n<meta property=\"og:description\" content=\"Artikkel om OSS Gjefsj\u00f8en og restaureringen av hovedkvarteret til Operasjon Rype i Milit\u00e6rhistorie nr 2 - 2021\" \/>\n<meta property=\"og:url\" content=\"https:\/\/gjefsjo.no\/sv\/2021\/03\/artikkel-om-oss-gjefsjoen-i-militaerhistorie-nr-2-2021\/\" \/>\n<meta property=\"og:site_name\" content=\"Gjefsj\u00f8en Fjellg\u00e5rd\" \/>\n<meta property=\"article:publisher\" content=\"https:\/\/facebook.com\/gjefsjoenfjellgard\" \/>\n<meta property=\"article:published_time\" content=\"2021-03-31T19:31:21+00:00\" \/>\n<meta property=\"article:modified_time\" content=\"2021-03-31T19:31:22+00:00\" \/>\n<meta property=\"og:image\" content=\"https:\/\/gjefsjo.no\/wp-content\/uploads\/2021\/03\/oss-gjefsjoen-militaerhistorie-nr-2-2021-2.jpg\" \/>\n\t<meta property=\"og:image:width\" content=\"2000\" \/>\n\t<meta property=\"og:image:height\" content=\"1500\" \/>\n\t<meta property=\"og:image:type\" content=\"image\/jpeg\" \/>\n<meta name=\"author\" content=\"Christian\" \/>\n<meta name=\"twitter:card\" content=\"summary_large_image\" \/>\n<meta name=\"twitter:label1\" content=\"Skriven av\" \/>\n\t<meta name=\"twitter:data1\" content=\"Christian\" \/>\n<script type=\"application\/ld+json\" class=\"yoast-schema-graph\">{\"@context\":\"https:\/\/schema.org\",\"@graph\":[{\"@type\":\"Article\",\"@id\":\"https:\/\/gjefsjo.no\/sv\/2021\/03\/artikkel-om-oss-gjefsjoen-i-militaerhistorie-nr-2-2021\/#article\",\"isPartOf\":{\"@id\":\"https:\/\/gjefsjo.no\/sv\/2021\/03\/artikkel-om-oss-gjefsjoen-i-militaerhistorie-nr-2-2021\/\"},\"author\":{\"name\":\"Christian\",\"@id\":\"https:\/\/gjefsjo.no\/#\/schema\/person\/fb4ca6523f8257d08b0905dadd8bb882\"},\"headline\":\"Artikkel om OSS Gjefsj\u00f8en i Milit\u00e6rhistorie nr 2 &#8211; 2021\",\"datePublished\":\"2021-03-31T19:31:21+00:00\",\"dateModified\":\"2021-03-31T19:31:22+00:00\",\"mainEntityOfPage\":{\"@id\":\"https:\/\/gjefsjo.no\/sv\/2021\/03\/artikkel-om-oss-gjefsjoen-i-militaerhistorie-nr-2-2021\/\"},\"wordCount\":59,\"commentCount\":0,\"publisher\":{\"@id\":\"https:\/\/gjefsjo.no\/#organization\"},\"image\":{\"@id\":\"https:\/\/gjefsjo.no\/sv\/2021\/03\/artikkel-om-oss-gjefsjoen-i-militaerhistorie-nr-2-2021\/#primaryimage\"},\"thumbnailUrl\":\"https:\/\/gjefsjo.no\/wp-content\/uploads\/2021\/03\/oss-gjefsjoen-militaerhistorie-nr-2-2021-2.jpg\",\"articleSection\":[\"Okategoriserad\"],\"inLanguage\":\"sv-SE\"},{\"@type\":\"WebPage\",\"@id\":\"https:\/\/gjefsjo.no\/sv\/2021\/03\/artikkel-om-oss-gjefsjoen-i-militaerhistorie-nr-2-2021\/\",\"url\":\"https:\/\/gjefsjo.no\/sv\/2021\/03\/artikkel-om-oss-gjefsjoen-i-militaerhistorie-nr-2-2021\/\",\"name\":\"Artikkel om OSS Gjefsj\u00f8en i Milit\u00e6rhistorie nr 2 - 2021 - Gjefsj\u00f8en Fjellg\u00e5rd | Operasjon Rype\",\"isPartOf\":{\"@id\":\"https:\/\/gjefsjo.no\/#website\"},\"primaryImageOfPage\":{\"@id\":\"https:\/\/gjefsjo.no\/sv\/2021\/03\/artikkel-om-oss-gjefsjoen-i-militaerhistorie-nr-2-2021\/#primaryimage\"},\"image\":{\"@id\":\"https:\/\/gjefsjo.no\/sv\/2021\/03\/artikkel-om-oss-gjefsjoen-i-militaerhistorie-nr-2-2021\/#primaryimage\"},\"thumbnailUrl\":\"https:\/\/gjefsjo.no\/wp-content\/uploads\/2021\/03\/oss-gjefsjoen-militaerhistorie-nr-2-2021-2.jpg\",\"datePublished\":\"2021-03-31T19:31:21+00:00\",\"dateModified\":\"2021-03-31T19:31:22+00:00\",\"description\":\"Artikkel om OSS Gjefsj\u00f8en og restaureringen av hovedkvarteret til Operasjon Rype i Milit\u00e6rhistorie nr 2 - 2021\",\"breadcrumb\":{\"@id\":\"https:\/\/gjefsjo.no\/sv\/2021\/03\/artikkel-om-oss-gjefsjoen-i-militaerhistorie-nr-2-2021\/#breadcrumb\"},\"inLanguage\":\"sv-SE\",\"potentialAction\":[{\"@type\":\"ReadAction\",\"target\":[\"https:\/\/gjefsjo.no\/sv\/2021\/03\/artikkel-om-oss-gjefsjoen-i-militaerhistorie-nr-2-2021\/\"]}]},{\"@type\":\"ImageObject\",\"inLanguage\":\"sv-SE\",\"@id\":\"https:\/\/gjefsjo.no\/sv\/2021\/03\/artikkel-om-oss-gjefsjoen-i-militaerhistorie-nr-2-2021\/#primaryimage\",\"url\":\"https:\/\/gjefsjo.no\/wp-content\/uploads\/2021\/03\/oss-gjefsjoen-militaerhistorie-nr-2-2021-2.jpg\",\"contentUrl\":\"https:\/\/gjefsjo.no\/wp-content\/uploads\/2021\/03\/oss-gjefsjoen-militaerhistorie-nr-2-2021-2.jpg\",\"width\":2000,\"height\":1500,\"caption\":\"Hovedkvarteret til operasjon Rype restaureres - Milit\u00e6rhistorie nr 2 - 2021\"},{\"@type\":\"BreadcrumbList\",\"@id\":\"https:\/\/gjefsjo.no\/sv\/2021\/03\/artikkel-om-oss-gjefsjoen-i-militaerhistorie-nr-2-2021\/#breadcrumb\",\"itemListElement\":[{\"@type\":\"ListItem\",\"position\":1,\"name\":\"Hjem\",\"item\":\"https:\/\/gjefsjo.no\/sv\/\"},{\"@type\":\"ListItem\",\"position\":2,\"name\":\"Artikkel om OSS Gjefsj\u00f8en i Milit\u00e6rhistorie nr 2 &#8211; 2021\"}]},{\"@type\":\"WebSite\",\"@id\":\"https:\/\/gjefsjo.no\/#website\",\"url\":\"https:\/\/gjefsjo.no\/\",\"name\":\"Gjefsj\u00f8en Fjellg\u00e5rd\",\"description\":\"Fjellg\u00e5rd ved idylliske Gjefsj\u00f8en\",\"publisher\":{\"@id\":\"https:\/\/gjefsjo.no\/#organization\"},\"potentialAction\":[{\"@type\":\"SearchAction\",\"target\":{\"@type\":\"EntryPoint\",\"urlTemplate\":\"https:\/\/gjefsjo.no\/?s={search_term_string}\"},\"query-input\":{\"@type\":\"PropertyValueSpecification\",\"valueRequired\":true,\"valueName\":\"search_term_string\"}}],\"inLanguage\":\"sv-SE\"},{\"@type\":\"Organization\",\"@id\":\"https:\/\/gjefsjo.no\/#organization\",\"name\":\"Gjefsj\u00f8en Fjellg\u00e5rd\",\"url\":\"https:\/\/gjefsjo.no\/\",\"logo\":{\"@type\":\"ImageObject\",\"inLanguage\":\"sv-SE\",\"@id\":\"https:\/\/gjefsjo.no\/#\/schema\/logo\/image\/\",\"url\":\"\",\"contentUrl\":\"\",\"caption\":\"Gjefsj\u00f8en Fjellg\u00e5rd\"},\"image\":{\"@id\":\"https:\/\/gjefsjo.no\/#\/schema\/logo\/image\/\"},\"sameAs\":[\"https:\/\/facebook.com\/gjefsjoenfjellgard\",\"https:\/\/www.instagram.com\/gjefsjoenfjellgard\",\"https:\/\/www.linkedin.com\/in\/gjefsjo\/\",\"https:\/\/www.youtube.com\/channel\/UCOC8u2CHZHUEl20KkbPnKsA\",\"https:\/\/no.wikipedia.org\/wiki\/Gjefsjen_Fjellgrd\"]},{\"@type\":\"Person\",\"@id\":\"https:\/\/gjefsjo.no\/#\/schema\/person\/fb4ca6523f8257d08b0905dadd8bb882\",\"name\":\"Christian\",\"image\":{\"@type\":\"ImageObject\",\"inLanguage\":\"sv-SE\",\"@id\":\"https:\/\/secure.gravatar.com\/avatar\/3f58ce9d917f7e1f2cfca25119307bebe9534587bb38bdcfbddde299b2e5c4ca?s=96&d=mm&r=g\",\"url\":\"https:\/\/secure.gravatar.com\/avatar\/3f58ce9d917f7e1f2cfca25119307bebe9534587bb38bdcfbddde299b2e5c4ca?s=96&d=mm&r=g\",\"contentUrl\":\"https:\/\/secure.gravatar.com\/avatar\/3f58ce9d917f7e1f2cfca25119307bebe9534587bb38bdcfbddde299b2e5c4ca?s=96&d=mm&r=g\",\"caption\":\"Christian\"},\"url\":\"https:\/\/gjefsjo.no\/sv\/author\/christian\/\"}]}<\/script>\n<!-- \/ Yoast SEO plugin. -->","yoast_head_json":{"title":"Artikkel om OSS Gjefsj\u00f8en i Milit\u00e6rhistorie nr 2 - 2021 - Gjefsj\u00f8en Fjellg\u00e5rd | Operasjon Rype","description":"Artikkel om OSS Gjefsj\u00f8en og restaureringen av hovedkvarteret til Operasjon Rype i Milit\u00e6rhistorie nr 2 - 2021","robots":{"index":"index","follow":"follow","max-snippet":"max-snippet:-1","max-image-preview":"max-image-preview:large","max-video-preview":"max-video-preview:-1"},"canonical":"https:\/\/gjefsjo.no\/sv\/2021\/03\/artikkel-om-oss-gjefsjoen-i-militaerhistorie-nr-2-2021\/","og_locale":"sv_SE","og_type":"article","og_title":"Artikkel om OSS Gjefsj\u00f8en i Milit\u00e6rhistorie nr 2 - 2021 - Gjefsj\u00f8en Fjellg\u00e5rd | Operasjon Rype","og_description":"Artikkel om OSS Gjefsj\u00f8en og restaureringen av hovedkvarteret til Operasjon Rype i Milit\u00e6rhistorie nr 2 - 2021","og_url":"https:\/\/gjefsjo.no\/sv\/2021\/03\/artikkel-om-oss-gjefsjoen-i-militaerhistorie-nr-2-2021\/","og_site_name":"Gjefsj\u00f8en Fjellg\u00e5rd","article_publisher":"https:\/\/facebook.com\/gjefsjoenfjellgard","article_published_time":"2021-03-31T19:31:21+00:00","article_modified_time":"2021-03-31T19:31:22+00:00","og_image":[{"width":2000,"height":1500,"url":"https:\/\/gjefsjo.no\/wp-content\/uploads\/2021\/03\/oss-gjefsjoen-militaerhistorie-nr-2-2021-2.jpg","type":"image\/jpeg"}],"author":"Christian","twitter_card":"summary_large_image","twitter_misc":{"Skriven av":"Christian"},"schema":{"@context":"https:\/\/schema.org","@graph":[{"@type":"Article","@id":"https:\/\/gjefsjo.no\/sv\/2021\/03\/artikkel-om-oss-gjefsjoen-i-militaerhistorie-nr-2-2021\/#article","isPartOf":{"@id":"https:\/\/gjefsjo.no\/sv\/2021\/03\/artikkel-om-oss-gjefsjoen-i-militaerhistorie-nr-2-2021\/"},"author":{"name":"Christian","@id":"https:\/\/gjefsjo.no\/#\/schema\/person\/fb4ca6523f8257d08b0905dadd8bb882"},"headline":"Artikkel om OSS Gjefsj\u00f8en i Milit\u00e6rhistorie nr 2 &#8211; 2021","datePublished":"2021-03-31T19:31:21+00:00","dateModified":"2021-03-31T19:31:22+00:00","mainEntityOfPage":{"@id":"https:\/\/gjefsjo.no\/sv\/2021\/03\/artikkel-om-oss-gjefsjoen-i-militaerhistorie-nr-2-2021\/"},"wordCount":59,"commentCount":0,"publisher":{"@id":"https:\/\/gjefsjo.no\/#organization"},"image":{"@id":"https:\/\/gjefsjo.no\/sv\/2021\/03\/artikkel-om-oss-gjefsjoen-i-militaerhistorie-nr-2-2021\/#primaryimage"},"thumbnailUrl":"https:\/\/gjefsjo.no\/wp-content\/uploads\/2021\/03\/oss-gjefsjoen-militaerhistorie-nr-2-2021-2.jpg","articleSection":["Okategoriserad"],"inLanguage":"sv-SE"},{"@type":"WebPage","@id":"https:\/\/gjefsjo.no\/sv\/2021\/03\/artikkel-om-oss-gjefsjoen-i-militaerhistorie-nr-2-2021\/","url":"https:\/\/gjefsjo.no\/sv\/2021\/03\/artikkel-om-oss-gjefsjoen-i-militaerhistorie-nr-2-2021\/","name":"Artikkel om OSS Gjefsj\u00f8en i Milit\u00e6rhistorie nr 2 - 2021 - Gjefsj\u00f8en Fjellg\u00e5rd | Operasjon Rype","isPartOf":{"@id":"https:\/\/gjefsjo.no\/#website"},"primaryImageOfPage":{"@id":"https:\/\/gjefsjo.no\/sv\/2021\/03\/artikkel-om-oss-gjefsjoen-i-militaerhistorie-nr-2-2021\/#primaryimage"},"image":{"@id":"https:\/\/gjefsjo.no\/sv\/2021\/03\/artikkel-om-oss-gjefsjoen-i-militaerhistorie-nr-2-2021\/#primaryimage"},"thumbnailUrl":"https:\/\/gjefsjo.no\/wp-content\/uploads\/2021\/03\/oss-gjefsjoen-militaerhistorie-nr-2-2021-2.jpg","datePublished":"2021-03-31T19:31:21+00:00","dateModified":"2021-03-31T19:31:22+00:00","description":"Artikkel om OSS Gjefsj\u00f8en og restaureringen av hovedkvarteret til Operasjon Rype i Milit\u00e6rhistorie nr 2 - 2021","breadcrumb":{"@id":"https:\/\/gjefsjo.no\/sv\/2021\/03\/artikkel-om-oss-gjefsjoen-i-militaerhistorie-nr-2-2021\/#breadcrumb"},"inLanguage":"sv-SE","potentialAction":[{"@type":"ReadAction","target":["https:\/\/gjefsjo.no\/sv\/2021\/03\/artikkel-om-oss-gjefsjoen-i-militaerhistorie-nr-2-2021\/"]}]},{"@type":"ImageObject","inLanguage":"sv-SE","@id":"https:\/\/gjefsjo.no\/sv\/2021\/03\/artikkel-om-oss-gjefsjoen-i-militaerhistorie-nr-2-2021\/#primaryimage","url":"https:\/\/gjefsjo.no\/wp-content\/uploads\/2021\/03\/oss-gjefsjoen-militaerhistorie-nr-2-2021-2.jpg","contentUrl":"https:\/\/gjefsjo.no\/wp-content\/uploads\/2021\/03\/oss-gjefsjoen-militaerhistorie-nr-2-2021-2.jpg","width":2000,"height":1500,"caption":"Hovedkvarteret til operasjon Rype restaureres - Milit\u00e6rhistorie nr 2 - 2021"},{"@type":"BreadcrumbList","@id":"https:\/\/gjefsjo.no\/sv\/2021\/03\/artikkel-om-oss-gjefsjoen-i-militaerhistorie-nr-2-2021\/#breadcrumb","itemListElement":[{"@type":"ListItem","position":1,"name":"Hjem","item":"https:\/\/gjefsjo.no\/sv\/"},{"@type":"ListItem","position":2,"name":"Artikkel om OSS Gjefsj\u00f8en i Milit\u00e6rhistorie nr 2 &#8211; 2021"}]},{"@type":"WebSite","@id":"https:\/\/gjefsjo.no\/#website","url":"https:\/\/gjefsjo.no\/","name":"Gjefsj\u00f8en Fjellg\u00e5rd","description":"Fjellg\u00e5rd ved idylliske Gjefsj\u00f8en","publisher":{"@id":"https:\/\/gjefsjo.no\/#organization"},"potentialAction":[{"@type":"SearchAction","target":{"@type":"EntryPoint","urlTemplate":"https:\/\/gjefsjo.no\/?s={search_term_string}"},"query-input":{"@type":"PropertyValueSpecification","valueRequired":true,"valueName":"search_term_string"}}],"inLanguage":"sv-SE"},{"@type":"Organization","@id":"https:\/\/gjefsjo.no\/#organization","name":"Gjefsj\u00f8en Fjellg\u00e5rd","url":"https:\/\/gjefsjo.no\/","logo":{"@type":"ImageObject","inLanguage":"sv-SE","@id":"https:\/\/gjefsjo.no\/#\/schema\/logo\/image\/","url":"","contentUrl":"","caption":"Gjefsj\u00f8en Fjellg\u00e5rd"},"image":{"@id":"https:\/\/gjefsjo.no\/#\/schema\/logo\/image\/"},"sameAs":["https:\/\/facebook.com\/gjefsjoenfjellgard","https:\/\/www.instagram.com\/gjefsjoenfjellgard","https:\/\/www.linkedin.com\/in\/gjefsjo\/","https:\/\/www.youtube.com\/channel\/UCOC8u2CHZHUEl20KkbPnKsA","https:\/\/no.wikipedia.org\/wiki\/Gjefsjen_Fjellgrd"]},{"@type":"Person","@id":"https:\/\/gjefsjo.no\/#\/schema\/person\/fb4ca6523f8257d08b0905dadd8bb882","name":"Christian","image":{"@type":"ImageObject","inLanguage":"sv-SE","@id":"https:\/\/secure.gravatar.com\/avatar\/3f58ce9d917f7e1f2cfca25119307bebe9534587bb38bdcfbddde299b2e5c4ca?s=96&d=mm&r=g","url":"https:\/\/secure.gravatar.com\/avatar\/3f58ce9d917f7e1f2cfca25119307bebe9534587bb38bdcfbddde299b2e5c4ca?s=96&d=mm&r=g","contentUrl":"https:\/\/secure.gravatar.com\/avatar\/3f58ce9d917f7e1f2cfca25119307bebe9534587bb38bdcfbddde299b2e5c4ca?s=96&d=mm&r=g","caption":"Christian"},"url":"https:\/\/gjefsjo.no\/sv\/author\/christian\/"}]}},"_links":{"self":[{"href":"https:\/\/gjefsjo.no\/sv\/wp-json\/wp\/v2\/posts\/5219","targetHints":{"allow":["GET"]}}],"collection":[{"href":"https:\/\/gjefsjo.no\/sv\/wp-json\/wp\/v2\/posts"}],"about":[{"href":"https:\/\/gjefsjo.no\/sv\/wp-json\/wp\/v2\/types\/post"}],"author":[{"embeddable":true,"href":"https:\/\/gjefsjo.no\/sv\/wp-json\/wp\/v2\/users\/6"}],"replies":[{"embeddable":true,"href":"https:\/\/gjefsjo.no\/sv\/wp-json\/wp\/v2\/comments?post=5219"}],"version-history":[{"count":0,"href":"https:\/\/gjefsjo.no\/sv\/wp-json\/wp\/v2\/posts\/5219\/revisions"}],"wp:featuredmedia":[{"embeddable":true,"href":"https:\/\/gjefsjo.no\/sv\/wp-json\/wp\/v2\/media\/5156"}],"wp:attachment":[{"href":"https:\/\/gjefsjo.no\/sv\/wp-json\/wp\/v2\/media?parent=5219"}],"wp:term":[{"taxonomy":"category","embeddable":true,"href":"https:\/\/gjefsjo.no\/sv\/wp-json\/wp\/v2\/categories?post=5219"},{"taxonomy":"post_tag","embeddable":true,"href":"https:\/\/gjefsjo.no\/sv\/wp-json\/wp\/v2\/tags?post=5219"}],"curies":[{"name":"wp","href":"https:\/\/api.w.org\/{rel}","templated":true}]}}