{"id":5868,"date":"2021-08-12T16:02:44","date_gmt":"2021-08-12T14:02:44","guid":{"rendered":"https:\/\/gjefsjo.no\/2021\/08\/home-guard-youths-volunteer-efforts-at-oss-gjefsjoen\/"},"modified":"2022-01-09T10:38:58","modified_gmt":"2022-01-09T09:38:58","slug":"home-guard-youths-volunteer-efforts-at-oss-gjefsjoen","status":"publish","type":"post","link":"https:\/\/gjefsjo.no\/en\/2021\/08\/home-guard-youths-volunteer-efforts-at-oss-gjefsjoen\/","title":{"rendered":"Home Guard youth&#8217;s volunteer efforts at OSS Gjefsj\u00f8en."},"content":{"rendered":"\n<p>Text: Torgrim Sund. Photo: Torgrim Sund, Kyrre Kraft and Ebbe Deraas<\/p>\n\n\n\n<p><strong>Youth from two of the Home Guard&#8217;s youth departments in Tr\u00f8ndelag have this year contributed with solid volunteer efforts at OSS Gjefsj\u00f8en. &#8220;Mountain march summer 2021&#8221; started at Ismenningen in Sn\u00e5sa, the goal was Gjefsj\u00f8en, and participation in volunteer work with other defense friends.<\/strong><\/p>\n\n\n\n<p>The intention with of Home Guard Youth&#8217;s summer march 2021 has been to increase the motivation to use the Norwegian mountains, and to acquire knowledge and skills to be able to travel safely in the mountains. Also this year, the mountain march has had a military history red thread, this time by looking at the history from Operation RYPE in 1945, to today&#8217;s HV12 task force, which got its name from this operation. During the march, the young people have gained an understanding of the importance of the efforts made during the war years to achieve peace. The mission of the HV youths has been solved by going to the same mountain areas that the operators used during the war. The memorial and the wreck at Plukkutj\u00f8nnfjellet were visited on the first day of the march. HV young people from the departments in Steinkjer and Sn\u00e5sa have participated in the charity event to restore the building that was used as RYPE HQ. During the five working days, the young people have contributed with painting of walls, ceilings and fixtures, completion of the basement, carpentry work, masonry of the chimney and clearing of the outdoor area. In addition, the time was used for lessons in maps and compasses, swimming in Gjevsj\u00f8en and socializing in the evening. Chief of the RYPE force gave the young people a briefing on the operation in 1945, and the current HV12 task force RYPE.<\/p>\n\n\n\n<p>Following the commendable efforts of the Home Guard youth, the project is now well on track for its official opening on 3 September.<\/p>\n\n\n\n<figure class=\"wp-block-gallery columns-3 is-cropped wp-block-gallery-1 is-layout-flex wp-block-gallery-is-layout-flex\"><ul class=\"blocks-gallery-grid\"><li class=\"blocks-gallery-item\"><figure><img loading=\"lazy\" decoding=\"async\" width=\"1024\" height=\"767\" src=\"http:\/\/gjefsjo.no\/wp-content\/uploads\/2021\/08\/dugnad-hvu-august-2021-foto-oss-gjefsjoen-13-1024x767.jpg\" alt=\"\" data-id=\"5861\" data-full-url=\"http:\/\/gjefsjo.no\/wp-content\/uploads\/2021\/08\/dugnad-hvu-august-2021-foto-oss-gjefsjoen-13.jpg\" data-link=\"https:\/\/gjefsjo.no\/oss-gjefsjoen\/dugnad-hvu-august-2021-foto-oss-gjefsjoen-13\/\" class=\"wp-image-5861\" srcset=\"https:\/\/gjefsjo.no\/wp-content\/uploads\/2021\/08\/dugnad-hvu-august-2021-foto-oss-gjefsjoen-13-1024x767.jpg 1024w, https:\/\/gjefsjo.no\/wp-content\/uploads\/2021\/08\/dugnad-hvu-august-2021-foto-oss-gjefsjoen-13-500x374.jpg 500w, https:\/\/gjefsjo.no\/wp-content\/uploads\/2021\/08\/dugnad-hvu-august-2021-foto-oss-gjefsjoen-13-768x575.jpg 768w, https:\/\/gjefsjo.no\/wp-content\/uploads\/2021\/08\/dugnad-hvu-august-2021-foto-oss-gjefsjoen-13.jpg 1170w\" sizes=\"auto, (max-width: 1024px) 100vw, 1024px\" \/><\/figure><\/li><li class=\"blocks-gallery-item\"><figure><img loading=\"lazy\" decoding=\"async\" width=\"1024\" height=\"1365\" src=\"http:\/\/gjefsjo.no\/wp-content\/uploads\/2021\/08\/dugnad-hvu-august-2021-foto-oss-gjefsjoen-12-1024x1365.jpg\" alt=\"\" data-id=\"5858\" data-full-url=\"http:\/\/gjefsjo.no\/wp-content\/uploads\/2021\/08\/dugnad-hvu-august-2021-foto-oss-gjefsjoen-12.jpg\" data-link=\"https:\/\/gjefsjo.no\/oss-gjefsjoen\/dugnad-hvu-august-2021-foto-oss-gjefsjoen-12\/\" class=\"wp-image-5858\" srcset=\"https:\/\/gjefsjo.no\/wp-content\/uploads\/2021\/08\/dugnad-hvu-august-2021-foto-oss-gjefsjoen-12-1024x1365.jpg 1024w, https:\/\/gjefsjo.no\/wp-content\/uploads\/2021\/08\/dugnad-hvu-august-2021-foto-oss-gjefsjoen-12-500x667.jpg 500w, https:\/\/gjefsjo.no\/wp-content\/uploads\/2021\/08\/dugnad-hvu-august-2021-foto-oss-gjefsjoen-12-768x1024.jpg 768w, https:\/\/gjefsjo.no\/wp-content\/uploads\/2021\/08\/dugnad-hvu-august-2021-foto-oss-gjefsjoen-12-1152x1536.jpg 1152w, https:\/\/gjefsjo.no\/wp-content\/uploads\/2021\/08\/dugnad-hvu-august-2021-foto-oss-gjefsjoen-12.jpg 1170w\" sizes=\"auto, (max-width: 1024px) 100vw, 1024px\" \/><\/figure><\/li><li class=\"blocks-gallery-item\"><figure><img loading=\"lazy\" decoding=\"async\" width=\"768\" height=\"1024\" src=\"http:\/\/gjefsjo.no\/wp-content\/uploads\/2021\/08\/dugnad-hvu-august-2021-foto-oss-gjefsjoen-11.jpg\" alt=\"\" data-id=\"5855\" data-full-url=\"http:\/\/gjefsjo.no\/wp-content\/uploads\/2021\/08\/dugnad-hvu-august-2021-foto-oss-gjefsjoen-11.jpg\" data-link=\"https:\/\/gjefsjo.no\/oss-gjefsjoen\/dugnad-hvu-august-2021-foto-oss-gjefsjoen-11\/\" class=\"wp-image-5855\" srcset=\"https:\/\/gjefsjo.no\/wp-content\/uploads\/2021\/08\/dugnad-hvu-august-2021-foto-oss-gjefsjoen-11.jpg 768w, https:\/\/gjefsjo.no\/wp-content\/uploads\/2021\/08\/dugnad-hvu-august-2021-foto-oss-gjefsjoen-11-500x667.jpg 500w\" sizes=\"auto, (max-width: 768px) 100vw, 768px\" \/><\/figure><\/li><li class=\"blocks-gallery-item\"><figure><img loading=\"lazy\" decoding=\"async\" width=\"1024\" height=\"1365\" src=\"http:\/\/gjefsjo.no\/wp-content\/uploads\/2021\/08\/dugnad-hvu-august-2021-foto-oss-gjefsjoen-10-1024x1365.jpg\" alt=\"\" data-id=\"5852\" data-full-url=\"http:\/\/gjefsjo.no\/wp-content\/uploads\/2021\/08\/dugnad-hvu-august-2021-foto-oss-gjefsjoen-10.jpg\" data-link=\"https:\/\/gjefsjo.no\/oss-gjefsjoen\/dugnad-hvu-august-2021-foto-oss-gjefsjoen-10\/\" class=\"wp-image-5852\" srcset=\"https:\/\/gjefsjo.no\/wp-content\/uploads\/2021\/08\/dugnad-hvu-august-2021-foto-oss-gjefsjoen-10-1024x1365.jpg 1024w, https:\/\/gjefsjo.no\/wp-content\/uploads\/2021\/08\/dugnad-hvu-august-2021-foto-oss-gjefsjoen-10-500x667.jpg 500w, https:\/\/gjefsjo.no\/wp-content\/uploads\/2021\/08\/dugnad-hvu-august-2021-foto-oss-gjefsjoen-10-768x1024.jpg 768w, https:\/\/gjefsjo.no\/wp-content\/uploads\/2021\/08\/dugnad-hvu-august-2021-foto-oss-gjefsjoen-10-1152x1536.jpg 1152w, https:\/\/gjefsjo.no\/wp-content\/uploads\/2021\/08\/dugnad-hvu-august-2021-foto-oss-gjefsjoen-10.jpg 1170w\" sizes=\"auto, (max-width: 1024px) 100vw, 1024px\" \/><\/figure><\/li><li class=\"blocks-gallery-item\"><figure><img loading=\"lazy\" decoding=\"async\" width=\"1024\" height=\"1365\" src=\"http:\/\/gjefsjo.no\/wp-content\/uploads\/2021\/08\/dugnad-hvu-august-2021-foto-oss-gjefsjoen-9-1024x1365.jpg\" alt=\"\" data-id=\"5849\" data-full-url=\"http:\/\/gjefsjo.no\/wp-content\/uploads\/2021\/08\/dugnad-hvu-august-2021-foto-oss-gjefsjoen-9.jpg\" data-link=\"https:\/\/gjefsjo.no\/oss-gjefsjoen\/dugnad-hvu-august-2021-foto-oss-gjefsjoen-9\/\" class=\"wp-image-5849\" srcset=\"https:\/\/gjefsjo.no\/wp-content\/uploads\/2021\/08\/dugnad-hvu-august-2021-foto-oss-gjefsjoen-9-1024x1365.jpg 1024w, https:\/\/gjefsjo.no\/wp-content\/uploads\/2021\/08\/dugnad-hvu-august-2021-foto-oss-gjefsjoen-9-500x667.jpg 500w, https:\/\/gjefsjo.no\/wp-content\/uploads\/2021\/08\/dugnad-hvu-august-2021-foto-oss-gjefsjoen-9-768x1024.jpg 768w, https:\/\/gjefsjo.no\/wp-content\/uploads\/2021\/08\/dugnad-hvu-august-2021-foto-oss-gjefsjoen-9-1152x1536.jpg 1152w, https:\/\/gjefsjo.no\/wp-content\/uploads\/2021\/08\/dugnad-hvu-august-2021-foto-oss-gjefsjoen-9.jpg 1170w\" sizes=\"auto, (max-width: 1024px) 100vw, 1024px\" \/><\/figure><\/li><li class=\"blocks-gallery-item\"><figure><img loading=\"lazy\" decoding=\"async\" width=\"1024\" height=\"1365\" src=\"http:\/\/gjefsjo.no\/wp-content\/uploads\/2021\/08\/dugnad-hvu-august-2021-foto-oss-gjefsjoen-8-1024x1365.jpg\" alt=\"\" data-id=\"5846\" data-full-url=\"http:\/\/gjefsjo.no\/wp-content\/uploads\/2021\/08\/dugnad-hvu-august-2021-foto-oss-gjefsjoen-8.jpg\" data-link=\"https:\/\/gjefsjo.no\/oss-gjefsjoen\/dugnad-hvu-august-2021-foto-oss-gjefsjoen-8\/\" class=\"wp-image-5846\" srcset=\"https:\/\/gjefsjo.no\/wp-content\/uploads\/2021\/08\/dugnad-hvu-august-2021-foto-oss-gjefsjoen-8-1024x1365.jpg 1024w, https:\/\/gjefsjo.no\/wp-content\/uploads\/2021\/08\/dugnad-hvu-august-2021-foto-oss-gjefsjoen-8-500x667.jpg 500w, https:\/\/gjefsjo.no\/wp-content\/uploads\/2021\/08\/dugnad-hvu-august-2021-foto-oss-gjefsjoen-8-768x1024.jpg 768w, https:\/\/gjefsjo.no\/wp-content\/uploads\/2021\/08\/dugnad-hvu-august-2021-foto-oss-gjefsjoen-8-1152x1536.jpg 1152w, https:\/\/gjefsjo.no\/wp-content\/uploads\/2021\/08\/dugnad-hvu-august-2021-foto-oss-gjefsjoen-8.jpg 1170w\" sizes=\"auto, (max-width: 1024px) 100vw, 1024px\" \/><\/figure><\/li><li class=\"blocks-gallery-item\"><figure><img loading=\"lazy\" decoding=\"async\" width=\"1024\" height=\"1365\" src=\"http:\/\/gjefsjo.no\/wp-content\/uploads\/2021\/08\/dugnad-hvu-august-2021-foto-oss-gjefsjoen-7-1024x1365.jpg\" alt=\"\" data-id=\"5843\" data-full-url=\"http:\/\/gjefsjo.no\/wp-content\/uploads\/2021\/08\/dugnad-hvu-august-2021-foto-oss-gjefsjoen-7.jpg\" data-link=\"https:\/\/gjefsjo.no\/oss-gjefsjoen\/dugnad-hvu-august-2021-foto-oss-gjefsjoen-7\/\" class=\"wp-image-5843\" srcset=\"https:\/\/gjefsjo.no\/wp-content\/uploads\/2021\/08\/dugnad-hvu-august-2021-foto-oss-gjefsjoen-7-1024x1365.jpg 1024w, https:\/\/gjefsjo.no\/wp-content\/uploads\/2021\/08\/dugnad-hvu-august-2021-foto-oss-gjefsjoen-7-500x667.jpg 500w, https:\/\/gjefsjo.no\/wp-content\/uploads\/2021\/08\/dugnad-hvu-august-2021-foto-oss-gjefsjoen-7-768x1024.jpg 768w, https:\/\/gjefsjo.no\/wp-content\/uploads\/2021\/08\/dugnad-hvu-august-2021-foto-oss-gjefsjoen-7-1152x1536.jpg 1152w, https:\/\/gjefsjo.no\/wp-content\/uploads\/2021\/08\/dugnad-hvu-august-2021-foto-oss-gjefsjoen-7.jpg 1170w\" sizes=\"auto, (max-width: 1024px) 100vw, 1024px\" \/><\/figure><\/li><li class=\"blocks-gallery-item\"><figure><img loading=\"lazy\" decoding=\"async\" width=\"1024\" height=\"1365\" src=\"http:\/\/gjefsjo.no\/wp-content\/uploads\/2021\/08\/dugnad-hvu-august-2021-foto-oss-gjefsjoen-6-1024x1365.jpg\" alt=\"\" data-id=\"5840\" data-full-url=\"http:\/\/gjefsjo.no\/wp-content\/uploads\/2021\/08\/dugnad-hvu-august-2021-foto-oss-gjefsjoen-6.jpg\" data-link=\"https:\/\/gjefsjo.no\/oss-gjefsjoen\/dugnad-hvu-august-2021-foto-oss-gjefsjoen-6\/\" class=\"wp-image-5840\" srcset=\"https:\/\/gjefsjo.no\/wp-content\/uploads\/2021\/08\/dugnad-hvu-august-2021-foto-oss-gjefsjoen-6-1024x1365.jpg 1024w, https:\/\/gjefsjo.no\/wp-content\/uploads\/2021\/08\/dugnad-hvu-august-2021-foto-oss-gjefsjoen-6-500x667.jpg 500w, https:\/\/gjefsjo.no\/wp-content\/uploads\/2021\/08\/dugnad-hvu-august-2021-foto-oss-gjefsjoen-6-768x1024.jpg 768w, https:\/\/gjefsjo.no\/wp-content\/uploads\/2021\/08\/dugnad-hvu-august-2021-foto-oss-gjefsjoen-6-1152x1536.jpg 1152w, https:\/\/gjefsjo.no\/wp-content\/uploads\/2021\/08\/dugnad-hvu-august-2021-foto-oss-gjefsjoen-6.jpg 1170w\" sizes=\"auto, (max-width: 1024px) 100vw, 1024px\" \/><\/figure><\/li><li class=\"blocks-gallery-item\"><figure><img loading=\"lazy\" decoding=\"async\" width=\"1024\" height=\"1365\" src=\"http:\/\/gjefsjo.no\/wp-content\/uploads\/2021\/08\/dugnad-hvu-august-2021-foto-oss-gjefsjoen-5-1024x1365.jpg\" alt=\"\" data-id=\"5837\" data-full-url=\"http:\/\/gjefsjo.no\/wp-content\/uploads\/2021\/08\/dugnad-hvu-august-2021-foto-oss-gjefsjoen-5.jpg\" data-link=\"https:\/\/gjefsjo.no\/oss-gjefsjoen\/dugnad-hvu-august-2021-foto-oss-gjefsjoen-5\/\" class=\"wp-image-5837\" srcset=\"https:\/\/gjefsjo.no\/wp-content\/uploads\/2021\/08\/dugnad-hvu-august-2021-foto-oss-gjefsjoen-5-1024x1365.jpg 1024w, https:\/\/gjefsjo.no\/wp-content\/uploads\/2021\/08\/dugnad-hvu-august-2021-foto-oss-gjefsjoen-5-500x667.jpg 500w, https:\/\/gjefsjo.no\/wp-content\/uploads\/2021\/08\/dugnad-hvu-august-2021-foto-oss-gjefsjoen-5-768x1024.jpg 768w, https:\/\/gjefsjo.no\/wp-content\/uploads\/2021\/08\/dugnad-hvu-august-2021-foto-oss-gjefsjoen-5-1152x1536.jpg 1152w, https:\/\/gjefsjo.no\/wp-content\/uploads\/2021\/08\/dugnad-hvu-august-2021-foto-oss-gjefsjoen-5.jpg 1170w\" sizes=\"auto, (max-width: 1024px) 100vw, 1024px\" \/><\/figure><\/li><li class=\"blocks-gallery-item\"><figure><img loading=\"lazy\" decoding=\"async\" width=\"1024\" height=\"1365\" src=\"http:\/\/gjefsjo.no\/wp-content\/uploads\/2021\/08\/dugnad-hvu-august-2021-foto-oss-gjefsjoen-4-1024x1365.jpg\" alt=\"\" data-id=\"5834\" data-full-url=\"http:\/\/gjefsjo.no\/wp-content\/uploads\/2021\/08\/dugnad-hvu-august-2021-foto-oss-gjefsjoen-4.jpg\" data-link=\"https:\/\/gjefsjo.no\/oss-gjefsjoen\/dugnad-hvu-august-2021-foto-oss-gjefsjoen-4\/\" class=\"wp-image-5834\" srcset=\"https:\/\/gjefsjo.no\/wp-content\/uploads\/2021\/08\/dugnad-hvu-august-2021-foto-oss-gjefsjoen-4-1024x1365.jpg 1024w, https:\/\/gjefsjo.no\/wp-content\/uploads\/2021\/08\/dugnad-hvu-august-2021-foto-oss-gjefsjoen-4-500x667.jpg 500w, https:\/\/gjefsjo.no\/wp-content\/uploads\/2021\/08\/dugnad-hvu-august-2021-foto-oss-gjefsjoen-4-768x1024.jpg 768w, https:\/\/gjefsjo.no\/wp-content\/uploads\/2021\/08\/dugnad-hvu-august-2021-foto-oss-gjefsjoen-4-1152x1536.jpg 1152w, https:\/\/gjefsjo.no\/wp-content\/uploads\/2021\/08\/dugnad-hvu-august-2021-foto-oss-gjefsjoen-4.jpg 1170w\" sizes=\"auto, (max-width: 1024px) 100vw, 1024px\" \/><\/figure><\/li><li class=\"blocks-gallery-item\"><figure><img loading=\"lazy\" decoding=\"async\" width=\"1024\" height=\"1365\" src=\"http:\/\/gjefsjo.no\/wp-content\/uploads\/2021\/08\/dugnad-hvu-august-2021-foto-oss-gjefsjoen-3-1024x1365.jpg\" alt=\"\" data-id=\"5831\" data-full-url=\"http:\/\/gjefsjo.no\/wp-content\/uploads\/2021\/08\/dugnad-hvu-august-2021-foto-oss-gjefsjoen-3.jpg\" data-link=\"https:\/\/gjefsjo.no\/oss-gjefsjoen\/dugnad-hvu-august-2021-foto-oss-gjefsjoen-3\/\" class=\"wp-image-5831\" srcset=\"https:\/\/gjefsjo.no\/wp-content\/uploads\/2021\/08\/dugnad-hvu-august-2021-foto-oss-gjefsjoen-3-1024x1365.jpg 1024w, https:\/\/gjefsjo.no\/wp-content\/uploads\/2021\/08\/dugnad-hvu-august-2021-foto-oss-gjefsjoen-3-500x667.jpg 500w, https:\/\/gjefsjo.no\/wp-content\/uploads\/2021\/08\/dugnad-hvu-august-2021-foto-oss-gjefsjoen-3-768x1024.jpg 768w, https:\/\/gjefsjo.no\/wp-content\/uploads\/2021\/08\/dugnad-hvu-august-2021-foto-oss-gjefsjoen-3-1152x1536.jpg 1152w, https:\/\/gjefsjo.no\/wp-content\/uploads\/2021\/08\/dugnad-hvu-august-2021-foto-oss-gjefsjoen-3.jpg 1170w\" sizes=\"auto, (max-width: 1024px) 100vw, 1024px\" \/><\/figure><\/li><li class=\"blocks-gallery-item\"><figure><img loading=\"lazy\" decoding=\"async\" width=\"768\" height=\"1024\" src=\"http:\/\/gjefsjo.no\/wp-content\/uploads\/2021\/08\/dugnad-hvu-august-2021-foto-oss-gjefsjoen-1.jpg\" alt=\"Home Guard youth's mountain march and work at OSS Gjefsjoen in August 2021.\" data-id=\"5825\" data-full-url=\"http:\/\/gjefsjo.no\/wp-content\/uploads\/2021\/08\/dugnad-hvu-august-2021-foto-oss-gjefsjoen-1.jpg\" data-link=\"https:\/\/gjefsjo.no\/oss-gjefsjoen\/dugnad-hvu-august-2021-foto-oss-gjefsjoen-1\/\" class=\"wp-image-5825\" srcset=\"https:\/\/gjefsjo.no\/wp-content\/uploads\/2021\/08\/dugnad-hvu-august-2021-foto-oss-gjefsjoen-1.jpg 768w, https:\/\/gjefsjo.no\/wp-content\/uploads\/2021\/08\/dugnad-hvu-august-2021-foto-oss-gjefsjoen-1-500x667.jpg 500w\" sizes=\"auto, (max-width: 768px) 100vw, 768px\" \/><\/figure><\/li><li class=\"blocks-gallery-item\"><figure><img loading=\"lazy\" decoding=\"async\" width=\"1024\" height=\"682\" src=\"http:\/\/gjefsjo.no\/wp-content\/uploads\/2021\/08\/dugnad-med-hv-ungdommen-pa-oss-gjefsjoen-august-2021-40-1024x682.jpg\" alt=\"\" data-id=\"5821\" data-full-url=\"http:\/\/gjefsjo.no\/wp-content\/uploads\/2021\/08\/dugnad-med-hv-ungdommen-pa-oss-gjefsjoen-august-2021-40.jpg\" data-link=\"https:\/\/gjefsjo.no\/?attachment_id=5821\" class=\"wp-image-5821\" srcset=\"https:\/\/gjefsjo.no\/wp-content\/uploads\/2021\/08\/dugnad-med-hv-ungdommen-pa-oss-gjefsjoen-august-2021-40-1024x682.jpg 1024w, https:\/\/gjefsjo.no\/wp-content\/uploads\/2021\/08\/dugnad-med-hv-ungdommen-pa-oss-gjefsjoen-august-2021-40-500x333.jpg 500w, https:\/\/gjefsjo.no\/wp-content\/uploads\/2021\/08\/dugnad-med-hv-ungdommen-pa-oss-gjefsjoen-august-2021-40-768x512.jpg 768w, https:\/\/gjefsjo.no\/wp-content\/uploads\/2021\/08\/dugnad-med-hv-ungdommen-pa-oss-gjefsjoen-august-2021-40-1536x1024.jpg 1536w, https:\/\/gjefsjo.no\/wp-content\/uploads\/2021\/08\/dugnad-med-hv-ungdommen-pa-oss-gjefsjoen-august-2021-40.jpg 2000w\" sizes=\"auto, (max-width: 1024px) 100vw, 1024px\" \/><\/figure><\/li><li class=\"blocks-gallery-item\"><figure><img loading=\"lazy\" decoding=\"async\" width=\"1024\" height=\"682\" src=\"http:\/\/gjefsjo.no\/wp-content\/uploads\/2021\/08\/dugnad-med-hv-ungdommen-pa-oss-gjefsjoen-august-2021-38-1024x682.jpg\" alt=\"\" data-id=\"5818\" data-full-url=\"http:\/\/gjefsjo.no\/wp-content\/uploads\/2021\/08\/dugnad-med-hv-ungdommen-pa-oss-gjefsjoen-august-2021-38.jpg\" data-link=\"https:\/\/gjefsjo.no\/?attachment_id=5818\" class=\"wp-image-5818\" srcset=\"https:\/\/gjefsjo.no\/wp-content\/uploads\/2021\/08\/dugnad-med-hv-ungdommen-pa-oss-gjefsjoen-august-2021-38-1024x682.jpg 1024w, https:\/\/gjefsjo.no\/wp-content\/uploads\/2021\/08\/dugnad-med-hv-ungdommen-pa-oss-gjefsjoen-august-2021-38-500x333.jpg 500w, https:\/\/gjefsjo.no\/wp-content\/uploads\/2021\/08\/dugnad-med-hv-ungdommen-pa-oss-gjefsjoen-august-2021-38-768x512.jpg 768w, https:\/\/gjefsjo.no\/wp-content\/uploads\/2021\/08\/dugnad-med-hv-ungdommen-pa-oss-gjefsjoen-august-2021-38-1536x1024.jpg 1536w, https:\/\/gjefsjo.no\/wp-content\/uploads\/2021\/08\/dugnad-med-hv-ungdommen-pa-oss-gjefsjoen-august-2021-38.jpg 2000w\" sizes=\"auto, (max-width: 1024px) 100vw, 1024px\" \/><\/figure><\/li><li class=\"blocks-gallery-item\"><figure><img loading=\"lazy\" decoding=\"async\" width=\"1024\" height=\"682\" src=\"http:\/\/gjefsjo.no\/wp-content\/uploads\/2021\/08\/dugnad-med-hv-ungdommen-pa-oss-gjefsjoen-august-2021-37-1024x682.jpg\" alt=\"\" data-id=\"5815\" data-full-url=\"http:\/\/gjefsjo.no\/wp-content\/uploads\/2021\/08\/dugnad-med-hv-ungdommen-pa-oss-gjefsjoen-august-2021-37.jpg\" data-link=\"https:\/\/gjefsjo.no\/?attachment_id=5815\" class=\"wp-image-5815\" srcset=\"https:\/\/gjefsjo.no\/wp-content\/uploads\/2021\/08\/dugnad-med-hv-ungdommen-pa-oss-gjefsjoen-august-2021-37-1024x682.jpg 1024w, https:\/\/gjefsjo.no\/wp-content\/uploads\/2021\/08\/dugnad-med-hv-ungdommen-pa-oss-gjefsjoen-august-2021-37-500x333.jpg 500w, https:\/\/gjefsjo.no\/wp-content\/uploads\/2021\/08\/dugnad-med-hv-ungdommen-pa-oss-gjefsjoen-august-2021-37-768x512.jpg 768w, https:\/\/gjefsjo.no\/wp-content\/uploads\/2021\/08\/dugnad-med-hv-ungdommen-pa-oss-gjefsjoen-august-2021-37-1536x1024.jpg 1536w, https:\/\/gjefsjo.no\/wp-content\/uploads\/2021\/08\/dugnad-med-hv-ungdommen-pa-oss-gjefsjoen-august-2021-37.jpg 2000w\" sizes=\"auto, (max-width: 1024px) 100vw, 1024px\" \/><\/figure><\/li><li class=\"blocks-gallery-item\"><figure><img loading=\"lazy\" decoding=\"async\" width=\"1024\" height=\"682\" src=\"http:\/\/gjefsjo.no\/wp-content\/uploads\/2021\/08\/dugnad-med-hv-ungdommen-pa-oss-gjefsjoen-august-2021-36-1024x682.jpg\" alt=\"\" data-id=\"5812\" data-full-url=\"http:\/\/gjefsjo.no\/wp-content\/uploads\/2021\/08\/dugnad-med-hv-ungdommen-pa-oss-gjefsjoen-august-2021-36.jpg\" data-link=\"https:\/\/gjefsjo.no\/?attachment_id=5812\" class=\"wp-image-5812\" srcset=\"https:\/\/gjefsjo.no\/wp-content\/uploads\/2021\/08\/dugnad-med-hv-ungdommen-pa-oss-gjefsjoen-august-2021-36-1024x682.jpg 1024w, https:\/\/gjefsjo.no\/wp-content\/uploads\/2021\/08\/dugnad-med-hv-ungdommen-pa-oss-gjefsjoen-august-2021-36-500x333.jpg 500w, https:\/\/gjefsjo.no\/wp-content\/uploads\/2021\/08\/dugnad-med-hv-ungdommen-pa-oss-gjefsjoen-august-2021-36-768x512.jpg 768w, https:\/\/gjefsjo.no\/wp-content\/uploads\/2021\/08\/dugnad-med-hv-ungdommen-pa-oss-gjefsjoen-august-2021-36-1536x1024.jpg 1536w, https:\/\/gjefsjo.no\/wp-content\/uploads\/2021\/08\/dugnad-med-hv-ungdommen-pa-oss-gjefsjoen-august-2021-36.jpg 2000w\" sizes=\"auto, (max-width: 1024px) 100vw, 1024px\" \/><\/figure><\/li><li class=\"blocks-gallery-item\"><figure><img loading=\"lazy\" decoding=\"async\" width=\"1024\" height=\"682\" src=\"http:\/\/gjefsjo.no\/wp-content\/uploads\/2021\/08\/dugnad-med-hv-ungdommen-pa-oss-gjefsjoen-august-2021-19-1024x682.jpg\" alt=\"\" data-id=\"5785\" data-full-url=\"http:\/\/gjefsjo.no\/wp-content\/uploads\/2021\/08\/dugnad-med-hv-ungdommen-pa-oss-gjefsjoen-august-2021-19.jpg\" data-link=\"https:\/\/gjefsjo.no\/?attachment_id=5785\" class=\"wp-image-5785\" srcset=\"https:\/\/gjefsjo.no\/wp-content\/uploads\/2021\/08\/dugnad-med-hv-ungdommen-pa-oss-gjefsjoen-august-2021-19-1024x682.jpg 1024w, https:\/\/gjefsjo.no\/wp-content\/uploads\/2021\/08\/dugnad-med-hv-ungdommen-pa-oss-gjefsjoen-august-2021-19-500x333.jpg 500w, https:\/\/gjefsjo.no\/wp-content\/uploads\/2021\/08\/dugnad-med-hv-ungdommen-pa-oss-gjefsjoen-august-2021-19-768x512.jpg 768w, https:\/\/gjefsjo.no\/wp-content\/uploads\/2021\/08\/dugnad-med-hv-ungdommen-pa-oss-gjefsjoen-august-2021-19-1536x1024.jpg 1536w, https:\/\/gjefsjo.no\/wp-content\/uploads\/2021\/08\/dugnad-med-hv-ungdommen-pa-oss-gjefsjoen-august-2021-19.jpg 2000w\" sizes=\"auto, (max-width: 1024px) 100vw, 1024px\" \/><\/figure><\/li><li class=\"blocks-gallery-item\"><figure><img loading=\"lazy\" decoding=\"async\" width=\"1024\" height=\"682\" src=\"http:\/\/gjefsjo.no\/wp-content\/uploads\/2021\/08\/dugnad-med-hv-ungdommen-pa-oss-gjefsjoen-august-2021-20-1024x682.jpg\" alt=\"\" data-id=\"5788\" data-full-url=\"http:\/\/gjefsjo.no\/wp-content\/uploads\/2021\/08\/dugnad-med-hv-ungdommen-pa-oss-gjefsjoen-august-2021-20.jpg\" data-link=\"https:\/\/gjefsjo.no\/?attachment_id=5788\" class=\"wp-image-5788\" srcset=\"https:\/\/gjefsjo.no\/wp-content\/uploads\/2021\/08\/dugnad-med-hv-ungdommen-pa-oss-gjefsjoen-august-2021-20-1024x682.jpg 1024w, https:\/\/gjefsjo.no\/wp-content\/uploads\/2021\/08\/dugnad-med-hv-ungdommen-pa-oss-gjefsjoen-august-2021-20-500x333.jpg 500w, https:\/\/gjefsjo.no\/wp-content\/uploads\/2021\/08\/dugnad-med-hv-ungdommen-pa-oss-gjefsjoen-august-2021-20-768x512.jpg 768w, https:\/\/gjefsjo.no\/wp-content\/uploads\/2021\/08\/dugnad-med-hv-ungdommen-pa-oss-gjefsjoen-august-2021-20-1536x1024.jpg 1536w, https:\/\/gjefsjo.no\/wp-content\/uploads\/2021\/08\/dugnad-med-hv-ungdommen-pa-oss-gjefsjoen-august-2021-20.jpg 2000w\" sizes=\"auto, (max-width: 1024px) 100vw, 1024px\" \/><\/figure><\/li><li class=\"blocks-gallery-item\"><figure><img loading=\"lazy\" decoding=\"async\" width=\"1024\" height=\"682\" src=\"http:\/\/gjefsjo.no\/wp-content\/uploads\/2021\/08\/dugnad-med-hv-ungdommen-pa-oss-gjefsjoen-august-2021-22-1024x682.jpg\" alt=\"\" data-id=\"5791\" data-full-url=\"http:\/\/gjefsjo.no\/wp-content\/uploads\/2021\/08\/dugnad-med-hv-ungdommen-pa-oss-gjefsjoen-august-2021-22.jpg\" data-link=\"https:\/\/gjefsjo.no\/?attachment_id=5791\" class=\"wp-image-5791\" srcset=\"https:\/\/gjefsjo.no\/wp-content\/uploads\/2021\/08\/dugnad-med-hv-ungdommen-pa-oss-gjefsjoen-august-2021-22-1024x682.jpg 1024w, https:\/\/gjefsjo.no\/wp-content\/uploads\/2021\/08\/dugnad-med-hv-ungdommen-pa-oss-gjefsjoen-august-2021-22-500x333.jpg 500w, https:\/\/gjefsjo.no\/wp-content\/uploads\/2021\/08\/dugnad-med-hv-ungdommen-pa-oss-gjefsjoen-august-2021-22-768x512.jpg 768w, https:\/\/gjefsjo.no\/wp-content\/uploads\/2021\/08\/dugnad-med-hv-ungdommen-pa-oss-gjefsjoen-august-2021-22-1536x1024.jpg 1536w, https:\/\/gjefsjo.no\/wp-content\/uploads\/2021\/08\/dugnad-med-hv-ungdommen-pa-oss-gjefsjoen-august-2021-22.jpg 2000w\" sizes=\"auto, (max-width: 1024px) 100vw, 1024px\" \/><\/figure><\/li><li class=\"blocks-gallery-item\"><figure><img loading=\"lazy\" decoding=\"async\" width=\"1024\" height=\"682\" src=\"http:\/\/gjefsjo.no\/wp-content\/uploads\/2021\/08\/dugnad-med-hv-ungdommen-pa-oss-gjefsjoen-august-2021-24-1024x682.jpg\" alt=\"\" data-id=\"5794\" data-full-url=\"http:\/\/gjefsjo.no\/wp-content\/uploads\/2021\/08\/dugnad-med-hv-ungdommen-pa-oss-gjefsjoen-august-2021-24.jpg\" data-link=\"https:\/\/gjefsjo.no\/?attachment_id=5794\" class=\"wp-image-5794\" srcset=\"https:\/\/gjefsjo.no\/wp-content\/uploads\/2021\/08\/dugnad-med-hv-ungdommen-pa-oss-gjefsjoen-august-2021-24-1024x682.jpg 1024w, https:\/\/gjefsjo.no\/wp-content\/uploads\/2021\/08\/dugnad-med-hv-ungdommen-pa-oss-gjefsjoen-august-2021-24-500x333.jpg 500w, https:\/\/gjefsjo.no\/wp-content\/uploads\/2021\/08\/dugnad-med-hv-ungdommen-pa-oss-gjefsjoen-august-2021-24-768x512.jpg 768w, https:\/\/gjefsjo.no\/wp-content\/uploads\/2021\/08\/dugnad-med-hv-ungdommen-pa-oss-gjefsjoen-august-2021-24-1536x1024.jpg 1536w, https:\/\/gjefsjo.no\/wp-content\/uploads\/2021\/08\/dugnad-med-hv-ungdommen-pa-oss-gjefsjoen-august-2021-24.jpg 2000w\" sizes=\"auto, (max-width: 1024px) 100vw, 1024px\" \/><\/figure><\/li><li class=\"blocks-gallery-item\"><figure><img loading=\"lazy\" decoding=\"async\" width=\"1024\" height=\"682\" src=\"http:\/\/gjefsjo.no\/wp-content\/uploads\/2021\/08\/dugnad-med-hv-ungdommen-pa-oss-gjefsjoen-august-2021-25-1024x682.jpg\" alt=\"\" data-id=\"5797\" data-full-url=\"http:\/\/gjefsjo.no\/wp-content\/uploads\/2021\/08\/dugnad-med-hv-ungdommen-pa-oss-gjefsjoen-august-2021-25.jpg\" data-link=\"https:\/\/gjefsjo.no\/?attachment_id=5797\" class=\"wp-image-5797\" srcset=\"https:\/\/gjefsjo.no\/wp-content\/uploads\/2021\/08\/dugnad-med-hv-ungdommen-pa-oss-gjefsjoen-august-2021-25-1024x682.jpg 1024w, https:\/\/gjefsjo.no\/wp-content\/uploads\/2021\/08\/dugnad-med-hv-ungdommen-pa-oss-gjefsjoen-august-2021-25-500x333.jpg 500w, https:\/\/gjefsjo.no\/wp-content\/uploads\/2021\/08\/dugnad-med-hv-ungdommen-pa-oss-gjefsjoen-august-2021-25-768x512.jpg 768w, https:\/\/gjefsjo.no\/wp-content\/uploads\/2021\/08\/dugnad-med-hv-ungdommen-pa-oss-gjefsjoen-august-2021-25-1536x1024.jpg 1536w, https:\/\/gjefsjo.no\/wp-content\/uploads\/2021\/08\/dugnad-med-hv-ungdommen-pa-oss-gjefsjoen-august-2021-25.jpg 2000w\" sizes=\"auto, (max-width: 1024px) 100vw, 1024px\" \/><\/figure><\/li><li class=\"blocks-gallery-item\"><figure><img loading=\"lazy\" decoding=\"async\" width=\"1024\" height=\"682\" src=\"http:\/\/gjefsjo.no\/wp-content\/uploads\/2021\/08\/dugnad-med-hv-ungdommen-pa-oss-gjefsjoen-august-2021-26-1024x682.jpg\" alt=\"\" data-id=\"5800\" data-full-url=\"http:\/\/gjefsjo.no\/wp-content\/uploads\/2021\/08\/dugnad-med-hv-ungdommen-pa-oss-gjefsjoen-august-2021-26.jpg\" data-link=\"https:\/\/gjefsjo.no\/?attachment_id=5800\" class=\"wp-image-5800\" srcset=\"https:\/\/gjefsjo.no\/wp-content\/uploads\/2021\/08\/dugnad-med-hv-ungdommen-pa-oss-gjefsjoen-august-2021-26-1024x682.jpg 1024w, https:\/\/gjefsjo.no\/wp-content\/uploads\/2021\/08\/dugnad-med-hv-ungdommen-pa-oss-gjefsjoen-august-2021-26-500x333.jpg 500w, https:\/\/gjefsjo.no\/wp-content\/uploads\/2021\/08\/dugnad-med-hv-ungdommen-pa-oss-gjefsjoen-august-2021-26-768x512.jpg 768w, https:\/\/gjefsjo.no\/wp-content\/uploads\/2021\/08\/dugnad-med-hv-ungdommen-pa-oss-gjefsjoen-august-2021-26-1536x1024.jpg 1536w, https:\/\/gjefsjo.no\/wp-content\/uploads\/2021\/08\/dugnad-med-hv-ungdommen-pa-oss-gjefsjoen-august-2021-26.jpg 2000w\" sizes=\"auto, (max-width: 1024px) 100vw, 1024px\" \/><\/figure><\/li><li class=\"blocks-gallery-item\"><figure><img loading=\"lazy\" decoding=\"async\" width=\"1024\" height=\"682\" src=\"http:\/\/gjefsjo.no\/wp-content\/uploads\/2021\/08\/dugnad-med-hv-ungdommen-pa-oss-gjefsjoen-august-2021-27-1024x682.jpg\" alt=\"\" data-id=\"5803\" data-full-url=\"http:\/\/gjefsjo.no\/wp-content\/uploads\/2021\/08\/dugnad-med-hv-ungdommen-pa-oss-gjefsjoen-august-2021-27.jpg\" data-link=\"https:\/\/gjefsjo.no\/?attachment_id=5803\" class=\"wp-image-5803\" srcset=\"https:\/\/gjefsjo.no\/wp-content\/uploads\/2021\/08\/dugnad-med-hv-ungdommen-pa-oss-gjefsjoen-august-2021-27-1024x682.jpg 1024w, https:\/\/gjefsjo.no\/wp-content\/uploads\/2021\/08\/dugnad-med-hv-ungdommen-pa-oss-gjefsjoen-august-2021-27-500x333.jpg 500w, https:\/\/gjefsjo.no\/wp-content\/uploads\/2021\/08\/dugnad-med-hv-ungdommen-pa-oss-gjefsjoen-august-2021-27-768x512.jpg 768w, https:\/\/gjefsjo.no\/wp-content\/uploads\/2021\/08\/dugnad-med-hv-ungdommen-pa-oss-gjefsjoen-august-2021-27-1536x1024.jpg 1536w, https:\/\/gjefsjo.no\/wp-content\/uploads\/2021\/08\/dugnad-med-hv-ungdommen-pa-oss-gjefsjoen-august-2021-27.jpg 2000w\" sizes=\"auto, (max-width: 1024px) 100vw, 1024px\" \/><\/figure><\/li><li class=\"blocks-gallery-item\"><figure><img loading=\"lazy\" decoding=\"async\" width=\"1024\" height=\"1536\" src=\"http:\/\/gjefsjo.no\/wp-content\/uploads\/2021\/08\/dugnad-med-hv-ungdommen-pa-oss-gjefsjoen-august-2021-32-1024x1536.jpg\" alt=\"\" data-id=\"5806\" data-full-url=\"http:\/\/gjefsjo.no\/wp-content\/uploads\/2021\/08\/dugnad-med-hv-ungdommen-pa-oss-gjefsjoen-august-2021-32-rotated.jpg\" data-link=\"https:\/\/gjefsjo.no\/?attachment_id=5806\" class=\"wp-image-5806\" srcset=\"https:\/\/gjefsjo.no\/wp-content\/uploads\/2021\/08\/dugnad-med-hv-ungdommen-pa-oss-gjefsjoen-august-2021-32-1024x1536.jpg 1024w, https:\/\/gjefsjo.no\/wp-content\/uploads\/2021\/08\/dugnad-med-hv-ungdommen-pa-oss-gjefsjoen-august-2021-32-500x750.jpg 500w, https:\/\/gjefsjo.no\/wp-content\/uploads\/2021\/08\/dugnad-med-hv-ungdommen-pa-oss-gjefsjoen-august-2021-32-768x1152.jpg 768w, https:\/\/gjefsjo.no\/wp-content\/uploads\/2021\/08\/dugnad-med-hv-ungdommen-pa-oss-gjefsjoen-august-2021-32-rotated.jpg 1333w\" sizes=\"auto, (max-width: 1024px) 100vw, 1024px\" \/><\/figure><\/li><li class=\"blocks-gallery-item\"><figure><img loading=\"lazy\" decoding=\"async\" width=\"1024\" height=\"682\" src=\"http:\/\/gjefsjo.no\/wp-content\/uploads\/2021\/08\/dugnad-med-hv-ungdommen-pa-oss-gjefsjoen-august-2021-34-1024x682.jpg\" alt=\"\" data-id=\"5809\" data-full-url=\"http:\/\/gjefsjo.no\/wp-content\/uploads\/2021\/08\/dugnad-med-hv-ungdommen-pa-oss-gjefsjoen-august-2021-34.jpg\" data-link=\"https:\/\/gjefsjo.no\/?attachment_id=5809\" class=\"wp-image-5809\" srcset=\"https:\/\/gjefsjo.no\/wp-content\/uploads\/2021\/08\/dugnad-med-hv-ungdommen-pa-oss-gjefsjoen-august-2021-34-1024x682.jpg 1024w, https:\/\/gjefsjo.no\/wp-content\/uploads\/2021\/08\/dugnad-med-hv-ungdommen-pa-oss-gjefsjoen-august-2021-34-500x333.jpg 500w, https:\/\/gjefsjo.no\/wp-content\/uploads\/2021\/08\/dugnad-med-hv-ungdommen-pa-oss-gjefsjoen-august-2021-34-768x512.jpg 768w, https:\/\/gjefsjo.no\/wp-content\/uploads\/2021\/08\/dugnad-med-hv-ungdommen-pa-oss-gjefsjoen-august-2021-34-1536x1024.jpg 1536w, https:\/\/gjefsjo.no\/wp-content\/uploads\/2021\/08\/dugnad-med-hv-ungdommen-pa-oss-gjefsjoen-august-2021-34.jpg 2000w\" sizes=\"auto, (max-width: 1024px) 100vw, 1024px\" \/><\/figure><\/li><li class=\"blocks-gallery-item\"><figure><img loading=\"lazy\" decoding=\"async\" width=\"1024\" height=\"1536\" src=\"http:\/\/gjefsjo.no\/wp-content\/uploads\/2021\/08\/dugnad-med-hv-ungdommen-pa-oss-gjefsjoen-august-2021-18-1024x1536.jpg\" alt=\"\" data-id=\"5782\" data-full-url=\"http:\/\/gjefsjo.no\/wp-content\/uploads\/2021\/08\/dugnad-med-hv-ungdommen-pa-oss-gjefsjoen-august-2021-18-rotated.jpg\" data-link=\"https:\/\/gjefsjo.no\/?attachment_id=5782\" class=\"wp-image-5782\" srcset=\"https:\/\/gjefsjo.no\/wp-content\/uploads\/2021\/08\/dugnad-med-hv-ungdommen-pa-oss-gjefsjoen-august-2021-18-1024x1536.jpg 1024w, https:\/\/gjefsjo.no\/wp-content\/uploads\/2021\/08\/dugnad-med-hv-ungdommen-pa-oss-gjefsjoen-august-2021-18-500x750.jpg 500w, https:\/\/gjefsjo.no\/wp-content\/uploads\/2021\/08\/dugnad-med-hv-ungdommen-pa-oss-gjefsjoen-august-2021-18-768x1152.jpg 768w, https:\/\/gjefsjo.no\/wp-content\/uploads\/2021\/08\/dugnad-med-hv-ungdommen-pa-oss-gjefsjoen-august-2021-18-rotated.jpg 1333w\" sizes=\"auto, (max-width: 1024px) 100vw, 1024px\" \/><\/figure><\/li><li class=\"blocks-gallery-item\"><figure><img loading=\"lazy\" decoding=\"async\" width=\"1024\" height=\"682\" src=\"http:\/\/gjefsjo.no\/wp-content\/uploads\/2021\/08\/dugnad-med-hv-ungdommen-pa-oss-gjefsjoen-august-2021-17-1024x682.jpg\" alt=\"\" data-id=\"5779\" data-full-url=\"http:\/\/gjefsjo.no\/wp-content\/uploads\/2021\/08\/dugnad-med-hv-ungdommen-pa-oss-gjefsjoen-august-2021-17.jpg\" data-link=\"https:\/\/gjefsjo.no\/?attachment_id=5779\" class=\"wp-image-5779\" srcset=\"https:\/\/gjefsjo.no\/wp-content\/uploads\/2021\/08\/dugnad-med-hv-ungdommen-pa-oss-gjefsjoen-august-2021-17-1024x682.jpg 1024w, https:\/\/gjefsjo.no\/wp-content\/uploads\/2021\/08\/dugnad-med-hv-ungdommen-pa-oss-gjefsjoen-august-2021-17-500x333.jpg 500w, https:\/\/gjefsjo.no\/wp-content\/uploads\/2021\/08\/dugnad-med-hv-ungdommen-pa-oss-gjefsjoen-august-2021-17-768x512.jpg 768w, https:\/\/gjefsjo.no\/wp-content\/uploads\/2021\/08\/dugnad-med-hv-ungdommen-pa-oss-gjefsjoen-august-2021-17-1536x1024.jpg 1536w, https:\/\/gjefsjo.no\/wp-content\/uploads\/2021\/08\/dugnad-med-hv-ungdommen-pa-oss-gjefsjoen-august-2021-17.jpg 2000w\" sizes=\"auto, (max-width: 1024px) 100vw, 1024px\" \/><\/figure><\/li><li class=\"blocks-gallery-item\"><figure><img loading=\"lazy\" decoding=\"async\" width=\"1024\" height=\"682\" src=\"http:\/\/gjefsjo.no\/wp-content\/uploads\/2021\/08\/dugnad-med-hv-ungdommen-pa-oss-gjefsjoen-august-2021-16-1024x682.jpg\" alt=\"\" data-id=\"5776\" data-full-url=\"http:\/\/gjefsjo.no\/wp-content\/uploads\/2021\/08\/dugnad-med-hv-ungdommen-pa-oss-gjefsjoen-august-2021-16.jpg\" data-link=\"https:\/\/gjefsjo.no\/?attachment_id=5776\" class=\"wp-image-5776\" srcset=\"https:\/\/gjefsjo.no\/wp-content\/uploads\/2021\/08\/dugnad-med-hv-ungdommen-pa-oss-gjefsjoen-august-2021-16-1024x682.jpg 1024w, https:\/\/gjefsjo.no\/wp-content\/uploads\/2021\/08\/dugnad-med-hv-ungdommen-pa-oss-gjefsjoen-august-2021-16-500x333.jpg 500w, https:\/\/gjefsjo.no\/wp-content\/uploads\/2021\/08\/dugnad-med-hv-ungdommen-pa-oss-gjefsjoen-august-2021-16-768x512.jpg 768w, https:\/\/gjefsjo.no\/wp-content\/uploads\/2021\/08\/dugnad-med-hv-ungdommen-pa-oss-gjefsjoen-august-2021-16-1536x1024.jpg 1536w, https:\/\/gjefsjo.no\/wp-content\/uploads\/2021\/08\/dugnad-med-hv-ungdommen-pa-oss-gjefsjoen-august-2021-16.jpg 2000w\" sizes=\"auto, (max-width: 1024px) 100vw, 1024px\" \/><\/figure><\/li><li class=\"blocks-gallery-item\"><figure><img loading=\"lazy\" decoding=\"async\" width=\"1024\" height=\"1536\" src=\"http:\/\/gjefsjo.no\/wp-content\/uploads\/2021\/08\/dugnad-med-hv-ungdommen-pa-oss-gjefsjoen-august-2021-15-1024x1536.jpg\" alt=\"\" data-id=\"5773\" data-full-url=\"http:\/\/gjefsjo.no\/wp-content\/uploads\/2021\/08\/dugnad-med-hv-ungdommen-pa-oss-gjefsjoen-august-2021-15-rotated.jpg\" data-link=\"https:\/\/gjefsjo.no\/?attachment_id=5773\" class=\"wp-image-5773\" srcset=\"https:\/\/gjefsjo.no\/wp-content\/uploads\/2021\/08\/dugnad-med-hv-ungdommen-pa-oss-gjefsjoen-august-2021-15-1024x1536.jpg 1024w, https:\/\/gjefsjo.no\/wp-content\/uploads\/2021\/08\/dugnad-med-hv-ungdommen-pa-oss-gjefsjoen-august-2021-15-500x750.jpg 500w, https:\/\/gjefsjo.no\/wp-content\/uploads\/2021\/08\/dugnad-med-hv-ungdommen-pa-oss-gjefsjoen-august-2021-15-768x1152.jpg 768w, https:\/\/gjefsjo.no\/wp-content\/uploads\/2021\/08\/dugnad-med-hv-ungdommen-pa-oss-gjefsjoen-august-2021-15-rotated.jpg 1333w\" sizes=\"auto, (max-width: 1024px) 100vw, 1024px\" \/><\/figure><\/li><li class=\"blocks-gallery-item\"><figure><img loading=\"lazy\" decoding=\"async\" width=\"1024\" height=\"682\" src=\"http:\/\/gjefsjo.no\/wp-content\/uploads\/2021\/08\/dugnad-med-hv-ungdommen-pa-oss-gjefsjoen-august-2021-14-1024x682.jpg\" alt=\"\" data-id=\"5770\" data-full-url=\"http:\/\/gjefsjo.no\/wp-content\/uploads\/2021\/08\/dugnad-med-hv-ungdommen-pa-oss-gjefsjoen-august-2021-14.jpg\" data-link=\"https:\/\/gjefsjo.no\/?attachment_id=5770\" class=\"wp-image-5770\" srcset=\"https:\/\/gjefsjo.no\/wp-content\/uploads\/2021\/08\/dugnad-med-hv-ungdommen-pa-oss-gjefsjoen-august-2021-14-1024x682.jpg 1024w, https:\/\/gjefsjo.no\/wp-content\/uploads\/2021\/08\/dugnad-med-hv-ungdommen-pa-oss-gjefsjoen-august-2021-14-500x333.jpg 500w, https:\/\/gjefsjo.no\/wp-content\/uploads\/2021\/08\/dugnad-med-hv-ungdommen-pa-oss-gjefsjoen-august-2021-14-768x512.jpg 768w, https:\/\/gjefsjo.no\/wp-content\/uploads\/2021\/08\/dugnad-med-hv-ungdommen-pa-oss-gjefsjoen-august-2021-14-1536x1024.jpg 1536w, https:\/\/gjefsjo.no\/wp-content\/uploads\/2021\/08\/dugnad-med-hv-ungdommen-pa-oss-gjefsjoen-august-2021-14.jpg 2000w\" sizes=\"auto, (max-width: 1024px) 100vw, 1024px\" \/><\/figure><\/li><li class=\"blocks-gallery-item\"><figure><img loading=\"lazy\" decoding=\"async\" width=\"1024\" height=\"682\" src=\"http:\/\/gjefsjo.no\/wp-content\/uploads\/2021\/08\/dugnad-med-hv-ungdommen-pa-oss-gjefsjoen-august-2021-12-1024x682.jpg\" alt=\"\" data-id=\"5764\" data-full-url=\"http:\/\/gjefsjo.no\/wp-content\/uploads\/2021\/08\/dugnad-med-hv-ungdommen-pa-oss-gjefsjoen-august-2021-12.jpg\" data-link=\"https:\/\/gjefsjo.no\/?attachment_id=5764\" class=\"wp-image-5764\" srcset=\"https:\/\/gjefsjo.no\/wp-content\/uploads\/2021\/08\/dugnad-med-hv-ungdommen-pa-oss-gjefsjoen-august-2021-12-1024x682.jpg 1024w, https:\/\/gjefsjo.no\/wp-content\/uploads\/2021\/08\/dugnad-med-hv-ungdommen-pa-oss-gjefsjoen-august-2021-12-500x333.jpg 500w, https:\/\/gjefsjo.no\/wp-content\/uploads\/2021\/08\/dugnad-med-hv-ungdommen-pa-oss-gjefsjoen-august-2021-12-768x512.jpg 768w, https:\/\/gjefsjo.no\/wp-content\/uploads\/2021\/08\/dugnad-med-hv-ungdommen-pa-oss-gjefsjoen-august-2021-12-1536x1024.jpg 1536w, https:\/\/gjefsjo.no\/wp-content\/uploads\/2021\/08\/dugnad-med-hv-ungdommen-pa-oss-gjefsjoen-august-2021-12.jpg 2000w\" sizes=\"auto, (max-width: 1024px) 100vw, 1024px\" \/><\/figure><\/li><li class=\"blocks-gallery-item\"><figure><img loading=\"lazy\" decoding=\"async\" width=\"1024\" height=\"1536\" src=\"http:\/\/gjefsjo.no\/wp-content\/uploads\/2021\/08\/dugnad-med-hv-ungdommen-pa-oss-gjefsjoen-august-2021-13-1024x1536.jpg\" alt=\"\" data-id=\"5767\" data-full-url=\"http:\/\/gjefsjo.no\/wp-content\/uploads\/2021\/08\/dugnad-med-hv-ungdommen-pa-oss-gjefsjoen-august-2021-13-rotated.jpg\" data-link=\"https:\/\/gjefsjo.no\/?attachment_id=5767\" class=\"wp-image-5767\" srcset=\"https:\/\/gjefsjo.no\/wp-content\/uploads\/2021\/08\/dugnad-med-hv-ungdommen-pa-oss-gjefsjoen-august-2021-13-1024x1536.jpg 1024w, https:\/\/gjefsjo.no\/wp-content\/uploads\/2021\/08\/dugnad-med-hv-ungdommen-pa-oss-gjefsjoen-august-2021-13-500x750.jpg 500w, https:\/\/gjefsjo.no\/wp-content\/uploads\/2021\/08\/dugnad-med-hv-ungdommen-pa-oss-gjefsjoen-august-2021-13-768x1152.jpg 768w, https:\/\/gjefsjo.no\/wp-content\/uploads\/2021\/08\/dugnad-med-hv-ungdommen-pa-oss-gjefsjoen-august-2021-13-rotated.jpg 1333w\" sizes=\"auto, (max-width: 1024px) 100vw, 1024px\" \/><\/figure><\/li><li class=\"blocks-gallery-item\"><figure><img loading=\"lazy\" decoding=\"async\" width=\"1024\" height=\"682\" src=\"http:\/\/gjefsjo.no\/wp-content\/uploads\/2021\/08\/dugnad-med-hv-ungdommen-pa-oss-gjefsjoen-august-2021-11-1024x682.jpg\" alt=\"\" data-id=\"5761\" data-full-url=\"http:\/\/gjefsjo.no\/wp-content\/uploads\/2021\/08\/dugnad-med-hv-ungdommen-pa-oss-gjefsjoen-august-2021-11.jpg\" data-link=\"https:\/\/gjefsjo.no\/?attachment_id=5761\" class=\"wp-image-5761\" srcset=\"https:\/\/gjefsjo.no\/wp-content\/uploads\/2021\/08\/dugnad-med-hv-ungdommen-pa-oss-gjefsjoen-august-2021-11-1024x682.jpg 1024w, https:\/\/gjefsjo.no\/wp-content\/uploads\/2021\/08\/dugnad-med-hv-ungdommen-pa-oss-gjefsjoen-august-2021-11-500x333.jpg 500w, https:\/\/gjefsjo.no\/wp-content\/uploads\/2021\/08\/dugnad-med-hv-ungdommen-pa-oss-gjefsjoen-august-2021-11-768x512.jpg 768w, https:\/\/gjefsjo.no\/wp-content\/uploads\/2021\/08\/dugnad-med-hv-ungdommen-pa-oss-gjefsjoen-august-2021-11-1536x1024.jpg 1536w, https:\/\/gjefsjo.no\/wp-content\/uploads\/2021\/08\/dugnad-med-hv-ungdommen-pa-oss-gjefsjoen-august-2021-11.jpg 2000w\" sizes=\"auto, (max-width: 1024px) 100vw, 1024px\" \/><\/figure><\/li><li class=\"blocks-gallery-item\"><figure><img loading=\"lazy\" decoding=\"async\" width=\"1024\" height=\"682\" src=\"http:\/\/gjefsjo.no\/wp-content\/uploads\/2021\/08\/dugnad-med-hv-ungdommen-pa-oss-gjefsjoen-august-2021-10-1024x682.jpg\" alt=\"\" data-id=\"5758\" data-full-url=\"http:\/\/gjefsjo.no\/wp-content\/uploads\/2021\/08\/dugnad-med-hv-ungdommen-pa-oss-gjefsjoen-august-2021-10.jpg\" data-link=\"https:\/\/gjefsjo.no\/?attachment_id=5758\" class=\"wp-image-5758\" srcset=\"https:\/\/gjefsjo.no\/wp-content\/uploads\/2021\/08\/dugnad-med-hv-ungdommen-pa-oss-gjefsjoen-august-2021-10-1024x682.jpg 1024w, https:\/\/gjefsjo.no\/wp-content\/uploads\/2021\/08\/dugnad-med-hv-ungdommen-pa-oss-gjefsjoen-august-2021-10-500x333.jpg 500w, https:\/\/gjefsjo.no\/wp-content\/uploads\/2021\/08\/dugnad-med-hv-ungdommen-pa-oss-gjefsjoen-august-2021-10-768x512.jpg 768w, https:\/\/gjefsjo.no\/wp-content\/uploads\/2021\/08\/dugnad-med-hv-ungdommen-pa-oss-gjefsjoen-august-2021-10-1536x1024.jpg 1536w, https:\/\/gjefsjo.no\/wp-content\/uploads\/2021\/08\/dugnad-med-hv-ungdommen-pa-oss-gjefsjoen-august-2021-10.jpg 2000w\" sizes=\"auto, (max-width: 1024px) 100vw, 1024px\" \/><\/figure><\/li><li class=\"blocks-gallery-item\"><figure><img loading=\"lazy\" decoding=\"async\" width=\"1024\" height=\"1536\" src=\"http:\/\/gjefsjo.no\/wp-content\/uploads\/2021\/08\/dugnad-med-hv-ungdommen-pa-oss-gjefsjoen-august-2021-9-1024x1536.jpg\" alt=\"\" data-id=\"5755\" data-full-url=\"http:\/\/gjefsjo.no\/wp-content\/uploads\/2021\/08\/dugnad-med-hv-ungdommen-pa-oss-gjefsjoen-august-2021-9-rotated.jpg\" data-link=\"https:\/\/gjefsjo.no\/?attachment_id=5755\" class=\"wp-image-5755\" srcset=\"https:\/\/gjefsjo.no\/wp-content\/uploads\/2021\/08\/dugnad-med-hv-ungdommen-pa-oss-gjefsjoen-august-2021-9-1024x1536.jpg 1024w, https:\/\/gjefsjo.no\/wp-content\/uploads\/2021\/08\/dugnad-med-hv-ungdommen-pa-oss-gjefsjoen-august-2021-9-500x750.jpg 500w, https:\/\/gjefsjo.no\/wp-content\/uploads\/2021\/08\/dugnad-med-hv-ungdommen-pa-oss-gjefsjoen-august-2021-9-768x1152.jpg 768w, https:\/\/gjefsjo.no\/wp-content\/uploads\/2021\/08\/dugnad-med-hv-ungdommen-pa-oss-gjefsjoen-august-2021-9-rotated.jpg 1333w\" sizes=\"auto, (max-width: 1024px) 100vw, 1024px\" \/><\/figure><\/li><li class=\"blocks-gallery-item\"><figure><img loading=\"lazy\" decoding=\"async\" width=\"1024\" height=\"768\" src=\"http:\/\/gjefsjo.no\/wp-content\/uploads\/2021\/08\/dugnad-med-hv-ungdommen-pa-oss-gjefsjoen-august-2021-8-1024x768.jpg\" alt=\"\" data-id=\"5752\" data-full-url=\"http:\/\/gjefsjo.no\/wp-content\/uploads\/2021\/08\/dugnad-med-hv-ungdommen-pa-oss-gjefsjoen-august-2021-8.jpg\" data-link=\"https:\/\/gjefsjo.no\/?attachment_id=5752\" class=\"wp-image-5752\" srcset=\"https:\/\/gjefsjo.no\/wp-content\/uploads\/2021\/08\/dugnad-med-hv-ungdommen-pa-oss-gjefsjoen-august-2021-8-1024x768.jpg 1024w, https:\/\/gjefsjo.no\/wp-content\/uploads\/2021\/08\/dugnad-med-hv-ungdommen-pa-oss-gjefsjoen-august-2021-8-500x375.jpg 500w, https:\/\/gjefsjo.no\/wp-content\/uploads\/2021\/08\/dugnad-med-hv-ungdommen-pa-oss-gjefsjoen-august-2021-8-768x576.jpg 768w, https:\/\/gjefsjo.no\/wp-content\/uploads\/2021\/08\/dugnad-med-hv-ungdommen-pa-oss-gjefsjoen-august-2021-8-1536x1152.jpg 1536w, https:\/\/gjefsjo.no\/wp-content\/uploads\/2021\/08\/dugnad-med-hv-ungdommen-pa-oss-gjefsjoen-august-2021-8.jpg 2000w\" sizes=\"auto, (max-width: 1024px) 100vw, 1024px\" \/><\/figure><\/li><li class=\"blocks-gallery-item\"><figure><img loading=\"lazy\" decoding=\"async\" width=\"1024\" height=\"768\" src=\"http:\/\/gjefsjo.no\/wp-content\/uploads\/2021\/08\/dugnad-med-hv-ungdommen-pa-oss-gjefsjoen-august-2021-7-1024x768.jpg\" alt=\"\" data-id=\"5749\" data-full-url=\"http:\/\/gjefsjo.no\/wp-content\/uploads\/2021\/08\/dugnad-med-hv-ungdommen-pa-oss-gjefsjoen-august-2021-7.jpg\" data-link=\"https:\/\/gjefsjo.no\/?attachment_id=5749\" class=\"wp-image-5749\" srcset=\"https:\/\/gjefsjo.no\/wp-content\/uploads\/2021\/08\/dugnad-med-hv-ungdommen-pa-oss-gjefsjoen-august-2021-7-1024x768.jpg 1024w, https:\/\/gjefsjo.no\/wp-content\/uploads\/2021\/08\/dugnad-med-hv-ungdommen-pa-oss-gjefsjoen-august-2021-7-500x375.jpg 500w, https:\/\/gjefsjo.no\/wp-content\/uploads\/2021\/08\/dugnad-med-hv-ungdommen-pa-oss-gjefsjoen-august-2021-7-768x576.jpg 768w, https:\/\/gjefsjo.no\/wp-content\/uploads\/2021\/08\/dugnad-med-hv-ungdommen-pa-oss-gjefsjoen-august-2021-7-1536x1152.jpg 1536w, https:\/\/gjefsjo.no\/wp-content\/uploads\/2021\/08\/dugnad-med-hv-ungdommen-pa-oss-gjefsjoen-august-2021-7.jpg 2000w\" sizes=\"auto, (max-width: 1024px) 100vw, 1024px\" \/><\/figure><\/li><li class=\"blocks-gallery-item\"><figure><img loading=\"lazy\" decoding=\"async\" width=\"1024\" height=\"768\" src=\"http:\/\/gjefsjo.no\/wp-content\/uploads\/2021\/08\/dugnad-med-hv-ungdommen-pa-oss-gjefsjoen-august-2021-6-1024x768.jpg\" alt=\"\" data-id=\"5746\" data-full-url=\"http:\/\/gjefsjo.no\/wp-content\/uploads\/2021\/08\/dugnad-med-hv-ungdommen-pa-oss-gjefsjoen-august-2021-6.jpg\" data-link=\"https:\/\/gjefsjo.no\/?attachment_id=5746\" class=\"wp-image-5746\" srcset=\"https:\/\/gjefsjo.no\/wp-content\/uploads\/2021\/08\/dugnad-med-hv-ungdommen-pa-oss-gjefsjoen-august-2021-6-1024x768.jpg 1024w, https:\/\/gjefsjo.no\/wp-content\/uploads\/2021\/08\/dugnad-med-hv-ungdommen-pa-oss-gjefsjoen-august-2021-6-500x375.jpg 500w, https:\/\/gjefsjo.no\/wp-content\/uploads\/2021\/08\/dugnad-med-hv-ungdommen-pa-oss-gjefsjoen-august-2021-6-768x576.jpg 768w, https:\/\/gjefsjo.no\/wp-content\/uploads\/2021\/08\/dugnad-med-hv-ungdommen-pa-oss-gjefsjoen-august-2021-6-1536x1152.jpg 1536w, https:\/\/gjefsjo.no\/wp-content\/uploads\/2021\/08\/dugnad-med-hv-ungdommen-pa-oss-gjefsjoen-august-2021-6.jpg 2000w\" sizes=\"auto, (max-width: 1024px) 100vw, 1024px\" \/><\/figure><\/li><\/ul><figcaption class=\"blocks-gallery-caption\">Pictures from the Home Guard youth&#8217;s mountain march and work at OSS Gjefsjoen in August 2021.<\/figcaption><\/figure>\n\n\n","protected":false},"excerpt":{"rendered":"<p>Text: Torgrim Sund. Photo: Torgrim Sund, Kyrre Kraft and Ebbe Deraas Youth from two of the Home Guard&#8217;s youth departments in Tr\u00f8ndelag have this year contributed with solid volunteer efforts at OSS Gjefsj\u00f8en. &#8220;Mountain march summer 2021&#8221; started at Ismenningen in Sn\u00e5sa, the goal was Gjefsj\u00f8en, and participation in volunteer work with other defense friends.&hellip;<\/p>\n","protected":false},"author":6,"featured_media":5784,"comment_status":"open","ping_status":"open","sticky":false,"template":"","format":"standard","meta":{"_acf_changed":false,"_analytify_skip_tracking":false,"footnotes":""},"categories":[1],"tags":[],"class_list":["post-5868","post","type-post","status-publish","format-standard","has-post-thumbnail","hentry","category-uncategorized-no"],"acf":[],"yoast_head":"<!-- This site is optimized with the Yoast SEO plugin v27.2 - https:\/\/yoast.com\/product\/yoast-seo-wordpress\/ -->\n<title>Home Guard youth&#039;s volunteer efforts at OSS Gjefsj\u00f8en. - Gjefsj\u00f8en Fjellg\u00e5rd<\/title>\n<meta name=\"description\" content=\"Youth from two of the Home Guard&#039;s youth departments in Tr\u00f8ndelag have this year contributed with solid volunteer efforts at OSS Gjefsj\u00f8en.\" \/>\n<meta name=\"robots\" content=\"index, follow, max-snippet:-1, max-image-preview:large, max-video-preview:-1\" \/>\n<link rel=\"canonical\" href=\"https:\/\/gjefsjo.no\/en\/2021\/08\/home-guard-youths-volunteer-efforts-at-oss-gjefsjoen\/\" \/>\n<meta property=\"og:locale\" content=\"en_US\" \/>\n<meta property=\"og:type\" content=\"article\" \/>\n<meta property=\"og:title\" content=\"Home Guard youth&#039;s volunteer efforts at OSS Gjefsj\u00f8en. - Gjefsj\u00f8en Fjellg\u00e5rd\" \/>\n<meta property=\"og:description\" content=\"Youth from two of the Home Guard&#039;s youth departments in Tr\u00f8ndelag have this year contributed with solid volunteer efforts at OSS Gjefsj\u00f8en.\" \/>\n<meta property=\"og:url\" content=\"https:\/\/gjefsjo.no\/en\/2021\/08\/home-guard-youths-volunteer-efforts-at-oss-gjefsjoen\/\" \/>\n<meta property=\"og:site_name\" content=\"Gjefsj\u00f8en Fjellg\u00e5rd\" \/>\n<meta property=\"article:publisher\" content=\"https:\/\/facebook.com\/gjefsjoenfjellgard\" \/>\n<meta property=\"article:published_time\" content=\"2021-08-12T14:02:44+00:00\" \/>\n<meta property=\"article:modified_time\" content=\"2022-01-09T09:38:58+00:00\" \/>\n<meta property=\"og:image\" content=\"https:\/\/gjefsjo.no\/wp-content\/uploads\/2021\/08\/dugnad-med-hv-ungdommen-pa-oss-gjefsjoen-august-2021-18-rotated.jpg\" \/>\n\t<meta property=\"og:image:width\" content=\"1333\" \/>\n\t<meta property=\"og:image:height\" content=\"2000\" \/>\n\t<meta property=\"og:image:type\" content=\"image\/jpeg\" \/>\n<meta name=\"author\" content=\"Christian\" \/>\n<meta name=\"twitter:card\" content=\"summary_large_image\" \/>\n<meta name=\"twitter:label1\" content=\"Written by\" \/>\n\t<meta name=\"twitter:data1\" content=\"Christian\" \/>\n\t<meta name=\"twitter:label2\" content=\"Est. reading time\" \/>\n\t<meta name=\"twitter:data2\" content=\"10 minutes\" \/>\n<script type=\"application\/ld+json\" class=\"yoast-schema-graph\">{\"@context\":\"https:\/\/schema.org\",\"@graph\":[{\"@type\":\"Article\",\"@id\":\"https:\/\/gjefsjo.no\/en\/2021\/08\/home-guard-youths-volunteer-efforts-at-oss-gjefsjoen\/#article\",\"isPartOf\":{\"@id\":\"https:\/\/gjefsjo.no\/en\/2021\/08\/home-guard-youths-volunteer-efforts-at-oss-gjefsjoen\/\"},\"author\":{\"name\":\"Christian\",\"@id\":\"https:\/\/gjefsjo.no\/#\/schema\/person\/fb4ca6523f8257d08b0905dadd8bb882\"},\"headline\":\"Home Guard youth&#8217;s volunteer efforts at OSS Gjefsj\u00f8en.\",\"datePublished\":\"2021-08-12T14:02:44+00:00\",\"dateModified\":\"2022-01-09T09:38:58+00:00\",\"mainEntityOfPage\":{\"@id\":\"https:\/\/gjefsjo.no\/en\/2021\/08\/home-guard-youths-volunteer-efforts-at-oss-gjefsjoen\/\"},\"wordCount\":347,\"commentCount\":0,\"publisher\":{\"@id\":\"https:\/\/gjefsjo.no\/#organization\"},\"image\":{\"@id\":\"https:\/\/gjefsjo.no\/en\/2021\/08\/home-guard-youths-volunteer-efforts-at-oss-gjefsjoen\/#primaryimage\"},\"thumbnailUrl\":\"https:\/\/gjefsjo.no\/wp-content\/uploads\/2021\/08\/dugnad-med-hv-ungdommen-pa-oss-gjefsjoen-august-2021-18-rotated.jpg\",\"articleSection\":[\"Uncategorized @no\"],\"inLanguage\":\"en-US\"},{\"@type\":\"WebPage\",\"@id\":\"https:\/\/gjefsjo.no\/en\/2021\/08\/home-guard-youths-volunteer-efforts-at-oss-gjefsjoen\/\",\"url\":\"https:\/\/gjefsjo.no\/en\/2021\/08\/home-guard-youths-volunteer-efforts-at-oss-gjefsjoen\/\",\"name\":\"Home Guard youth's volunteer efforts at OSS Gjefsj\u00f8en. - Gjefsj\u00f8en Fjellg\u00e5rd\",\"isPartOf\":{\"@id\":\"https:\/\/gjefsjo.no\/#website\"},\"primaryImageOfPage\":{\"@id\":\"https:\/\/gjefsjo.no\/en\/2021\/08\/home-guard-youths-volunteer-efforts-at-oss-gjefsjoen\/#primaryimage\"},\"image\":{\"@id\":\"https:\/\/gjefsjo.no\/en\/2021\/08\/home-guard-youths-volunteer-efforts-at-oss-gjefsjoen\/#primaryimage\"},\"thumbnailUrl\":\"https:\/\/gjefsjo.no\/wp-content\/uploads\/2021\/08\/dugnad-med-hv-ungdommen-pa-oss-gjefsjoen-august-2021-18-rotated.jpg\",\"datePublished\":\"2021-08-12T14:02:44+00:00\",\"dateModified\":\"2022-01-09T09:38:58+00:00\",\"description\":\"Youth from two of the Home Guard's youth departments in Tr\u00f8ndelag have this year contributed with solid volunteer efforts at OSS Gjefsj\u00f8en.\",\"breadcrumb\":{\"@id\":\"https:\/\/gjefsjo.no\/en\/2021\/08\/home-guard-youths-volunteer-efforts-at-oss-gjefsjoen\/#breadcrumb\"},\"inLanguage\":\"en-US\",\"potentialAction\":[{\"@type\":\"ReadAction\",\"target\":[\"https:\/\/gjefsjo.no\/en\/2021\/08\/home-guard-youths-volunteer-efforts-at-oss-gjefsjoen\/\"]}]},{\"@type\":\"ImageObject\",\"inLanguage\":\"en-US\",\"@id\":\"https:\/\/gjefsjo.no\/en\/2021\/08\/home-guard-youths-volunteer-efforts-at-oss-gjefsjoen\/#primaryimage\",\"url\":\"https:\/\/gjefsjo.no\/wp-content\/uploads\/2021\/08\/dugnad-med-hv-ungdommen-pa-oss-gjefsjoen-august-2021-18-rotated.jpg\",\"contentUrl\":\"https:\/\/gjefsjo.no\/wp-content\/uploads\/2021\/08\/dugnad-med-hv-ungdommen-pa-oss-gjefsjoen-august-2021-18-rotated.jpg\",\"width\":1333,\"height\":2000},{\"@type\":\"BreadcrumbList\",\"@id\":\"https:\/\/gjefsjo.no\/en\/2021\/08\/home-guard-youths-volunteer-efforts-at-oss-gjefsjoen\/#breadcrumb\",\"itemListElement\":[{\"@type\":\"ListItem\",\"position\":1,\"name\":\"Hjem\",\"item\":\"https:\/\/gjefsjo.no\/en\/\"},{\"@type\":\"ListItem\",\"position\":2,\"name\":\"Home Guard youth&#8217;s volunteer efforts at OSS Gjefsj\u00f8en.\"}]},{\"@type\":\"WebSite\",\"@id\":\"https:\/\/gjefsjo.no\/#website\",\"url\":\"https:\/\/gjefsjo.no\/\",\"name\":\"Gjefsj\u00f8en Fjellg\u00e5rd\",\"description\":\"Fjellg\u00e5rd ved idylliske Gjefsj\u00f8en\",\"publisher\":{\"@id\":\"https:\/\/gjefsjo.no\/#organization\"},\"potentialAction\":[{\"@type\":\"SearchAction\",\"target\":{\"@type\":\"EntryPoint\",\"urlTemplate\":\"https:\/\/gjefsjo.no\/?s={search_term_string}\"},\"query-input\":{\"@type\":\"PropertyValueSpecification\",\"valueRequired\":true,\"valueName\":\"search_term_string\"}}],\"inLanguage\":\"en-US\"},{\"@type\":\"Organization\",\"@id\":\"https:\/\/gjefsjo.no\/#organization\",\"name\":\"Gjefsj\u00f8en Fjellg\u00e5rd\",\"url\":\"https:\/\/gjefsjo.no\/\",\"logo\":{\"@type\":\"ImageObject\",\"inLanguage\":\"en-US\",\"@id\":\"https:\/\/gjefsjo.no\/#\/schema\/logo\/image\/\",\"url\":\"\",\"contentUrl\":\"\",\"caption\":\"Gjefsj\u00f8en Fjellg\u00e5rd\"},\"image\":{\"@id\":\"https:\/\/gjefsjo.no\/#\/schema\/logo\/image\/\"},\"sameAs\":[\"https:\/\/facebook.com\/gjefsjoenfjellgard\",\"https:\/\/www.instagram.com\/gjefsjoenfjellgard\",\"https:\/\/www.linkedin.com\/in\/gjefsjo\/\",\"https:\/\/www.youtube.com\/channel\/UCOC8u2CHZHUEl20KkbPnKsA\",\"https:\/\/no.wikipedia.org\/wiki\/Gjefsjen_Fjellgrd\"]},{\"@type\":\"Person\",\"@id\":\"https:\/\/gjefsjo.no\/#\/schema\/person\/fb4ca6523f8257d08b0905dadd8bb882\",\"name\":\"Christian\",\"image\":{\"@type\":\"ImageObject\",\"inLanguage\":\"en-US\",\"@id\":\"https:\/\/secure.gravatar.com\/avatar\/3f58ce9d917f7e1f2cfca25119307bebe9534587bb38bdcfbddde299b2e5c4ca?s=96&d=mm&r=g\",\"url\":\"https:\/\/secure.gravatar.com\/avatar\/3f58ce9d917f7e1f2cfca25119307bebe9534587bb38bdcfbddde299b2e5c4ca?s=96&d=mm&r=g\",\"contentUrl\":\"https:\/\/secure.gravatar.com\/avatar\/3f58ce9d917f7e1f2cfca25119307bebe9534587bb38bdcfbddde299b2e5c4ca?s=96&d=mm&r=g\",\"caption\":\"Christian\"},\"url\":\"https:\/\/gjefsjo.no\/en\/author\/christian\/\"}]}<\/script>\n<!-- \/ Yoast SEO plugin. -->","yoast_head_json":{"title":"Home Guard youth's volunteer efforts at OSS Gjefsj\u00f8en. - Gjefsj\u00f8en Fjellg\u00e5rd","description":"Youth from two of the Home Guard's youth departments in Tr\u00f8ndelag have this year contributed with solid volunteer efforts at OSS Gjefsj\u00f8en.","robots":{"index":"index","follow":"follow","max-snippet":"max-snippet:-1","max-image-preview":"max-image-preview:large","max-video-preview":"max-video-preview:-1"},"canonical":"https:\/\/gjefsjo.no\/en\/2021\/08\/home-guard-youths-volunteer-efforts-at-oss-gjefsjoen\/","og_locale":"en_US","og_type":"article","og_title":"Home Guard youth's volunteer efforts at OSS Gjefsj\u00f8en. - Gjefsj\u00f8en Fjellg\u00e5rd","og_description":"Youth from two of the Home Guard's youth departments in Tr\u00f8ndelag have this year contributed with solid volunteer efforts at OSS Gjefsj\u00f8en.","og_url":"https:\/\/gjefsjo.no\/en\/2021\/08\/home-guard-youths-volunteer-efforts-at-oss-gjefsjoen\/","og_site_name":"Gjefsj\u00f8en Fjellg\u00e5rd","article_publisher":"https:\/\/facebook.com\/gjefsjoenfjellgard","article_published_time":"2021-08-12T14:02:44+00:00","article_modified_time":"2022-01-09T09:38:58+00:00","og_image":[{"width":1333,"height":2000,"url":"https:\/\/gjefsjo.no\/wp-content\/uploads\/2021\/08\/dugnad-med-hv-ungdommen-pa-oss-gjefsjoen-august-2021-18-rotated.jpg","type":"image\/jpeg"}],"author":"Christian","twitter_card":"summary_large_image","twitter_misc":{"Written by":"Christian","Est. reading time":"10 minutes"},"schema":{"@context":"https:\/\/schema.org","@graph":[{"@type":"Article","@id":"https:\/\/gjefsjo.no\/en\/2021\/08\/home-guard-youths-volunteer-efforts-at-oss-gjefsjoen\/#article","isPartOf":{"@id":"https:\/\/gjefsjo.no\/en\/2021\/08\/home-guard-youths-volunteer-efforts-at-oss-gjefsjoen\/"},"author":{"name":"Christian","@id":"https:\/\/gjefsjo.no\/#\/schema\/person\/fb4ca6523f8257d08b0905dadd8bb882"},"headline":"Home Guard youth&#8217;s volunteer efforts at OSS Gjefsj\u00f8en.","datePublished":"2021-08-12T14:02:44+00:00","dateModified":"2022-01-09T09:38:58+00:00","mainEntityOfPage":{"@id":"https:\/\/gjefsjo.no\/en\/2021\/08\/home-guard-youths-volunteer-efforts-at-oss-gjefsjoen\/"},"wordCount":347,"commentCount":0,"publisher":{"@id":"https:\/\/gjefsjo.no\/#organization"},"image":{"@id":"https:\/\/gjefsjo.no\/en\/2021\/08\/home-guard-youths-volunteer-efforts-at-oss-gjefsjoen\/#primaryimage"},"thumbnailUrl":"https:\/\/gjefsjo.no\/wp-content\/uploads\/2021\/08\/dugnad-med-hv-ungdommen-pa-oss-gjefsjoen-august-2021-18-rotated.jpg","articleSection":["Uncategorized @no"],"inLanguage":"en-US"},{"@type":"WebPage","@id":"https:\/\/gjefsjo.no\/en\/2021\/08\/home-guard-youths-volunteer-efforts-at-oss-gjefsjoen\/","url":"https:\/\/gjefsjo.no\/en\/2021\/08\/home-guard-youths-volunteer-efforts-at-oss-gjefsjoen\/","name":"Home Guard youth's volunteer efforts at OSS Gjefsj\u00f8en. - Gjefsj\u00f8en Fjellg\u00e5rd","isPartOf":{"@id":"https:\/\/gjefsjo.no\/#website"},"primaryImageOfPage":{"@id":"https:\/\/gjefsjo.no\/en\/2021\/08\/home-guard-youths-volunteer-efforts-at-oss-gjefsjoen\/#primaryimage"},"image":{"@id":"https:\/\/gjefsjo.no\/en\/2021\/08\/home-guard-youths-volunteer-efforts-at-oss-gjefsjoen\/#primaryimage"},"thumbnailUrl":"https:\/\/gjefsjo.no\/wp-content\/uploads\/2021\/08\/dugnad-med-hv-ungdommen-pa-oss-gjefsjoen-august-2021-18-rotated.jpg","datePublished":"2021-08-12T14:02:44+00:00","dateModified":"2022-01-09T09:38:58+00:00","description":"Youth from two of the Home Guard's youth departments in Tr\u00f8ndelag have this year contributed with solid volunteer efforts at OSS Gjefsj\u00f8en.","breadcrumb":{"@id":"https:\/\/gjefsjo.no\/en\/2021\/08\/home-guard-youths-volunteer-efforts-at-oss-gjefsjoen\/#breadcrumb"},"inLanguage":"en-US","potentialAction":[{"@type":"ReadAction","target":["https:\/\/gjefsjo.no\/en\/2021\/08\/home-guard-youths-volunteer-efforts-at-oss-gjefsjoen\/"]}]},{"@type":"ImageObject","inLanguage":"en-US","@id":"https:\/\/gjefsjo.no\/en\/2021\/08\/home-guard-youths-volunteer-efforts-at-oss-gjefsjoen\/#primaryimage","url":"https:\/\/gjefsjo.no\/wp-content\/uploads\/2021\/08\/dugnad-med-hv-ungdommen-pa-oss-gjefsjoen-august-2021-18-rotated.jpg","contentUrl":"https:\/\/gjefsjo.no\/wp-content\/uploads\/2021\/08\/dugnad-med-hv-ungdommen-pa-oss-gjefsjoen-august-2021-18-rotated.jpg","width":1333,"height":2000},{"@type":"BreadcrumbList","@id":"https:\/\/gjefsjo.no\/en\/2021\/08\/home-guard-youths-volunteer-efforts-at-oss-gjefsjoen\/#breadcrumb","itemListElement":[{"@type":"ListItem","position":1,"name":"Hjem","item":"https:\/\/gjefsjo.no\/en\/"},{"@type":"ListItem","position":2,"name":"Home Guard youth&#8217;s volunteer efforts at OSS Gjefsj\u00f8en."}]},{"@type":"WebSite","@id":"https:\/\/gjefsjo.no\/#website","url":"https:\/\/gjefsjo.no\/","name":"Gjefsj\u00f8en Fjellg\u00e5rd","description":"Fjellg\u00e5rd ved idylliske Gjefsj\u00f8en","publisher":{"@id":"https:\/\/gjefsjo.no\/#organization"},"potentialAction":[{"@type":"SearchAction","target":{"@type":"EntryPoint","urlTemplate":"https:\/\/gjefsjo.no\/?s={search_term_string}"},"query-input":{"@type":"PropertyValueSpecification","valueRequired":true,"valueName":"search_term_string"}}],"inLanguage":"en-US"},{"@type":"Organization","@id":"https:\/\/gjefsjo.no\/#organization","name":"Gjefsj\u00f8en Fjellg\u00e5rd","url":"https:\/\/gjefsjo.no\/","logo":{"@type":"ImageObject","inLanguage":"en-US","@id":"https:\/\/gjefsjo.no\/#\/schema\/logo\/image\/","url":"","contentUrl":"","caption":"Gjefsj\u00f8en Fjellg\u00e5rd"},"image":{"@id":"https:\/\/gjefsjo.no\/#\/schema\/logo\/image\/"},"sameAs":["https:\/\/facebook.com\/gjefsjoenfjellgard","https:\/\/www.instagram.com\/gjefsjoenfjellgard","https:\/\/www.linkedin.com\/in\/gjefsjo\/","https:\/\/www.youtube.com\/channel\/UCOC8u2CHZHUEl20KkbPnKsA","https:\/\/no.wikipedia.org\/wiki\/Gjefsjen_Fjellgrd"]},{"@type":"Person","@id":"https:\/\/gjefsjo.no\/#\/schema\/person\/fb4ca6523f8257d08b0905dadd8bb882","name":"Christian","image":{"@type":"ImageObject","inLanguage":"en-US","@id":"https:\/\/secure.gravatar.com\/avatar\/3f58ce9d917f7e1f2cfca25119307bebe9534587bb38bdcfbddde299b2e5c4ca?s=96&d=mm&r=g","url":"https:\/\/secure.gravatar.com\/avatar\/3f58ce9d917f7e1f2cfca25119307bebe9534587bb38bdcfbddde299b2e5c4ca?s=96&d=mm&r=g","contentUrl":"https:\/\/secure.gravatar.com\/avatar\/3f58ce9d917f7e1f2cfca25119307bebe9534587bb38bdcfbddde299b2e5c4ca?s=96&d=mm&r=g","caption":"Christian"},"url":"https:\/\/gjefsjo.no\/en\/author\/christian\/"}]}},"_links":{"self":[{"href":"https:\/\/gjefsjo.no\/en\/wp-json\/wp\/v2\/posts\/5868","targetHints":{"allow":["GET"]}}],"collection":[{"href":"https:\/\/gjefsjo.no\/en\/wp-json\/wp\/v2\/posts"}],"about":[{"href":"https:\/\/gjefsjo.no\/en\/wp-json\/wp\/v2\/types\/post"}],"author":[{"embeddable":true,"href":"https:\/\/gjefsjo.no\/en\/wp-json\/wp\/v2\/users\/6"}],"replies":[{"embeddable":true,"href":"https:\/\/gjefsjo.no\/en\/wp-json\/wp\/v2\/comments?post=5868"}],"version-history":[{"count":0,"href":"https:\/\/gjefsjo.no\/en\/wp-json\/wp\/v2\/posts\/5868\/revisions"}],"wp:featuredmedia":[{"embeddable":true,"href":"https:\/\/gjefsjo.no\/en\/wp-json\/wp\/v2\/media\/5784"}],"wp:attachment":[{"href":"https:\/\/gjefsjo.no\/en\/wp-json\/wp\/v2\/media?parent=5868"}],"wp:term":[{"taxonomy":"category","embeddable":true,"href":"https:\/\/gjefsjo.no\/en\/wp-json\/wp\/v2\/categories?post=5868"},{"taxonomy":"post_tag","embeddable":true,"href":"https:\/\/gjefsjo.no\/en\/wp-json\/wp\/v2\/tags?post=5868"}],"curies":[{"name":"wp","href":"https:\/\/api.w.org\/{rel}","templated":true}]}}