{"id":5478,"date":"2021-06-05T23:28:30","date_gmt":"2021-06-05T21:28:30","guid":{"rendered":"https:\/\/gjefsjo.no\/2021\/06\/when-oss-norso-invaded-sweden\/"},"modified":"2021-06-06T18:12:17","modified_gmt":"2021-06-06T16:12:17","slug":"when-oss-norso-invaded-sweden","status":"publish","type":"post","link":"https:\/\/gjefsjo.no\/en\/2021\/06\/when-oss-norso-invaded-sweden\/","title":{"rendered":"When OSS NORSO invaded Sweden"},"content":{"rendered":"The five OSS NORSO Group members who accidentally &#8220;invaded&#8221; the Swedish village of Lien entered this house shortly after having been rather nicely arrested by a local police officer. I took this photo of Leif Oistad by the house back in 1999. Shortly after I took it we were invited inside the house, by the same kind lady who received the five foreign visitors in 1945. The photos below is from the meeting inside the house and later in a community hall where Leif Oistad and Ron\/Sivert Windh* were shown some artifacts they had left behind in 1945. BTW there is a monument for the OSS NORSO Group beside Lien, very close to the spot on the ice where the five fully armed parachutists landed. The othner veteran in the picture is Ron\/Sivert Windh &#8211; one of the many Swedes in 99th Infantry and one of the few in NORSO Group. \r\n*(Sivert Windh changed his name to Ron after the war)\n<figure class=\"wp-block-gallery columns-3 is-cropped wp-block-gallery-1 is-layout-flex wp-block-gallery-is-layout-flex\"><ul class=\"blocks-gallery-grid\"><li class=\"blocks-gallery-item\"><figure><img loading=\"lazy\" decoding=\"async\" width=\"1024\" height=\"1365\" src=\"http:\/\/gjefsjo.no\/wp-content\/uploads\/2021\/06\/da-norso-invaderte-sverige-foto-lars-gyllenhaal-4-1024x1365.jpg\" alt=\"When NORSO invaded Sweden. Foto Lars Gyllenhaal\" data-id=\"5472\" data-full-url=\"http:\/\/gjefsjo.no\/wp-content\/uploads\/2021\/06\/da-norso-invaderte-sverige-foto-lars-gyllenhaal-4.jpg\" data-link=\"https:\/\/gjefsjo.no\/2021\/06\/da-oss-norso-invaderte-sverige\/da-norso-invaderte-sverige-foto-lars-gyllenhaal-4\/\" class=\"wp-image-5472\" srcset=\"https:\/\/gjefsjo.no\/wp-content\/uploads\/2021\/06\/da-norso-invaderte-sverige-foto-lars-gyllenhaal-4-1024x1365.jpg 1024w, https:\/\/gjefsjo.no\/wp-content\/uploads\/2021\/06\/da-norso-invaderte-sverige-foto-lars-gyllenhaal-4-500x667.jpg 500w, https:\/\/gjefsjo.no\/wp-content\/uploads\/2021\/06\/da-norso-invaderte-sverige-foto-lars-gyllenhaal-4-768x1024.jpg 768w, https:\/\/gjefsjo.no\/wp-content\/uploads\/2021\/06\/da-norso-invaderte-sverige-foto-lars-gyllenhaal-4-1152x1536.jpg 1152w, https:\/\/gjefsjo.no\/wp-content\/uploads\/2021\/06\/da-norso-invaderte-sverige-foto-lars-gyllenhaal-4.jpg 1500w\" sizes=\"auto, (max-width: 1024px) 100vw, 1024px\" \/><figcaption class=\"blocks-gallery-item__caption\">Leif Oistad in front of the house his group entered after invading Sweeden in 1945. Photo form 1999<\/figcaption><\/figure><\/li><li class=\"blocks-gallery-item\"><figure><img loading=\"lazy\" decoding=\"async\" width=\"1024\" height=\"768\" src=\"http:\/\/gjefsjo.no\/wp-content\/uploads\/2021\/06\/da-norso-invaderte-sverige-foto-lars-gyllenhaal-3-1024x768.jpg\" alt=\"When NORSO invaded Sweden. Foto Lars Gyllenhaal\" data-id=\"5469\" data-full-url=\"http:\/\/gjefsjo.no\/wp-content\/uploads\/2021\/06\/da-norso-invaderte-sverige-foto-lars-gyllenhaal-3.jpg\" data-link=\"https:\/\/gjefsjo.no\/2021\/06\/da-oss-norso-invaderte-sverige\/da-norso-invaderte-sverige-foto-lars-gyllenhaal-3\/\" class=\"wp-image-5469\" srcset=\"https:\/\/gjefsjo.no\/wp-content\/uploads\/2021\/06\/da-norso-invaderte-sverige-foto-lars-gyllenhaal-3-1024x768.jpg 1024w, https:\/\/gjefsjo.no\/wp-content\/uploads\/2021\/06\/da-norso-invaderte-sverige-foto-lars-gyllenhaal-3-500x375.jpg 500w, https:\/\/gjefsjo.no\/wp-content\/uploads\/2021\/06\/da-norso-invaderte-sverige-foto-lars-gyllenhaal-3-768x576.jpg 768w, https:\/\/gjefsjo.no\/wp-content\/uploads\/2021\/06\/da-norso-invaderte-sverige-foto-lars-gyllenhaal-3-1536x1152.jpg 1536w, https:\/\/gjefsjo.no\/wp-content\/uploads\/2021\/06\/da-norso-invaderte-sverige-foto-lars-gyllenhaal-3.jpg 2000w\" sizes=\"auto, (max-width: 1024px) 100vw, 1024px\" \/><figcaption class=\"blocks-gallery-item__caption\">Sonja Palm to the right who in 1945 was given chewing gum by the NORSO guys. The dress is made of an OSS NORSO parachute<\/figcaption><\/figure><\/li><li class=\"blocks-gallery-item\"><figure><img loading=\"lazy\" decoding=\"async\" width=\"1024\" height=\"767\" src=\"http:\/\/gjefsjo.no\/wp-content\/uploads\/2021\/06\/da-norso-invaderte-sverige-foto-lars-gyllenhaal-1-1024x767.jpg\" alt=\"Leif Oistad and Ron\/Sivert Windh  Foto Lars Gyllenhaal\" data-id=\"5463\" data-full-url=\"http:\/\/gjefsjo.no\/wp-content\/uploads\/2021\/06\/da-norso-invaderte-sverige-foto-lars-gyllenhaal-1.jpg\" data-link=\"https:\/\/gjefsjo.no\/2021\/06\/da-oss-norso-invaderte-sverige\/da-norso-invaderte-sverige-foto-lars-gyllenhaal-1\/\" class=\"wp-image-5463\" srcset=\"https:\/\/gjefsjo.no\/wp-content\/uploads\/2021\/06\/da-norso-invaderte-sverige-foto-lars-gyllenhaal-1-1024x767.jpg 1024w, https:\/\/gjefsjo.no\/wp-content\/uploads\/2021\/06\/da-norso-invaderte-sverige-foto-lars-gyllenhaal-1-500x375.jpg 500w, https:\/\/gjefsjo.no\/wp-content\/uploads\/2021\/06\/da-norso-invaderte-sverige-foto-lars-gyllenhaal-1-768x575.jpg 768w, https:\/\/gjefsjo.no\/wp-content\/uploads\/2021\/06\/da-norso-invaderte-sverige-foto-lars-gyllenhaal-1-1536x1150.jpg 1536w, https:\/\/gjefsjo.no\/wp-content\/uploads\/2021\/06\/da-norso-invaderte-sverige-foto-lars-gyllenhaal-1.jpg 2000w\" sizes=\"auto, (max-width: 1024px) 100vw, 1024px\" \/><figcaption class=\"blocks-gallery-item__caption\">Leif Oistad and Ron\/Sivert Windh back in the house they were taken to in 1945  in the kitchen of Sigrid Palm. Photo from 1999.<\/figcaption><\/figure><\/li><li class=\"blocks-gallery-item\"><figure><img loading=\"lazy\" decoding=\"async\" width=\"1024\" height=\"768\" src=\"http:\/\/gjefsjo.no\/wp-content\/uploads\/2021\/06\/da-norso-invaderte-sverige-foto-lars-gyllenhaal-5-1024x768.jpg\" alt=\"When NORSO invaded Sweden. Foto Lars Gyllenhaal\" data-id=\"5475\" data-full-url=\"http:\/\/gjefsjo.no\/wp-content\/uploads\/2021\/06\/da-norso-invaderte-sverige-foto-lars-gyllenhaal-5.jpg\" data-link=\"https:\/\/gjefsjo.no\/2021\/06\/da-oss-norso-invaderte-sverige\/da-norso-invaderte-sverige-foto-lars-gyllenhaal-5\/\" class=\"wp-image-5475\" srcset=\"https:\/\/gjefsjo.no\/wp-content\/uploads\/2021\/06\/da-norso-invaderte-sverige-foto-lars-gyllenhaal-5-1024x768.jpg 1024w, https:\/\/gjefsjo.no\/wp-content\/uploads\/2021\/06\/da-norso-invaderte-sverige-foto-lars-gyllenhaal-5-500x375.jpg 500w, https:\/\/gjefsjo.no\/wp-content\/uploads\/2021\/06\/da-norso-invaderte-sverige-foto-lars-gyllenhaal-5-768x576.jpg 768w, https:\/\/gjefsjo.no\/wp-content\/uploads\/2021\/06\/da-norso-invaderte-sverige-foto-lars-gyllenhaal-5-1536x1152.jpg 1536w, https:\/\/gjefsjo.no\/wp-content\/uploads\/2021\/06\/da-norso-invaderte-sverige-foto-lars-gyllenhaal-5.jpg 2000w\" sizes=\"auto, (max-width: 1024px) 100vw, 1024px\" \/><figcaption class=\"blocks-gallery-item__caption\">Ron\/Sivert Windh and Leif Oistad together with a soldier from Swedish home guard<\/figcaption><\/figure><\/li><li class=\"blocks-gallery-item\"><figure><img loading=\"lazy\" decoding=\"async\" width=\"1024\" height=\"1365\" src=\"http:\/\/gjefsjo.no\/wp-content\/uploads\/2021\/06\/da-norso-invaderte-sverige-foto-lars-gyllenhaal-2-1024x1365.jpg\" alt=\"When NORSO invaded Sweden. Foto Lars Gyllenhaal\" data-id=\"5466\" data-full-url=\"http:\/\/gjefsjo.no\/wp-content\/uploads\/2021\/06\/da-norso-invaderte-sverige-foto-lars-gyllenhaal-2.jpg\" data-link=\"https:\/\/gjefsjo.no\/2021\/06\/da-oss-norso-invaderte-sverige\/da-norso-invaderte-sverige-foto-lars-gyllenhaal-2\/\" class=\"wp-image-5466\" srcset=\"https:\/\/gjefsjo.no\/wp-content\/uploads\/2021\/06\/da-norso-invaderte-sverige-foto-lars-gyllenhaal-2-1024x1365.jpg 1024w, https:\/\/gjefsjo.no\/wp-content\/uploads\/2021\/06\/da-norso-invaderte-sverige-foto-lars-gyllenhaal-2-500x667.jpg 500w, https:\/\/gjefsjo.no\/wp-content\/uploads\/2021\/06\/da-norso-invaderte-sverige-foto-lars-gyllenhaal-2-768x1024.jpg 768w, https:\/\/gjefsjo.no\/wp-content\/uploads\/2021\/06\/da-norso-invaderte-sverige-foto-lars-gyllenhaal-2-1152x1536.jpg 1152w, https:\/\/gjefsjo.no\/wp-content\/uploads\/2021\/06\/da-norso-invaderte-sverige-foto-lars-gyllenhaal-2.jpg 1500w\" sizes=\"auto, (max-width: 1024px) 100vw, 1024px\" \/><\/figure><\/li><\/ul><\/figure>","protected":false},"excerpt":{"rendered":"<p>The five OSS NORSO Group members who accidentally &#8220;invaded&#8221; the Swedish village of Lien entered this house shortly after having been rather nicely arrested by a local police officer. I took this photo of Leif Oistad by the house back in 1999. Shortly after I took it we were invited inside the house, by the&hellip;<\/p>\n","protected":false},"author":6,"featured_media":5473,"comment_status":"open","ping_status":"open","sticky":false,"template":"","format":"standard","meta":{"_acf_changed":false,"_analytify_skip_tracking":false,"footnotes":""},"categories":[12],"tags":[],"class_list":["post-5478","post","type-post","status-publish","format-standard","has-post-thumbnail","hentry","category-uncategorized"],"acf":[],"yoast_head":"<!-- This site is optimized with the Yoast SEO plugin v27.2 - https:\/\/yoast.com\/product\/yoast-seo-wordpress\/ -->\n<title>When OSS NORSO invaded Sweden - Leif Oistads group in Lien<\/title>\n<meta name=\"description\" content=\"The five OSS NORSO Group members who accidentally &quot;invaded&quot; the Swedish village of Lien entered this house shortly after having been rather nicely arrested by a local police officer.\" \/>\n<meta name=\"robots\" content=\"index, follow, max-snippet:-1, max-image-preview:large, max-video-preview:-1\" \/>\n<link rel=\"canonical\" href=\"https:\/\/gjefsjo.no\/en\/2021\/06\/when-oss-norso-invaded-sweden\/\" \/>\n<meta property=\"og:locale\" content=\"en_US\" \/>\n<meta property=\"og:type\" content=\"article\" \/>\n<meta property=\"og:title\" content=\"When OSS NORSO invaded Sweden - Leif Oistads group in Lien\" \/>\n<meta property=\"og:description\" content=\"The five OSS NORSO Group members who accidentally &quot;invaded&quot; the Swedish village of Lien entered this house shortly after having been rather nicely arrested by a local police officer.\" \/>\n<meta property=\"og:url\" content=\"https:\/\/gjefsjo.no\/en\/2021\/06\/when-oss-norso-invaded-sweden\/\" \/>\n<meta property=\"og:site_name\" content=\"Gjefsj\u00f8en Fjellg\u00e5rd\" \/>\n<meta property=\"article:publisher\" content=\"https:\/\/facebook.com\/gjefsjoenfjellgard\" \/>\n<meta property=\"article:published_time\" content=\"2021-06-05T21:28:30+00:00\" \/>\n<meta property=\"article:modified_time\" content=\"2021-06-06T16:12:17+00:00\" \/>\n<meta property=\"og:image\" content=\"https:\/\/gjefsjo.no\/wp-content\/uploads\/2021\/06\/da-norso-invaderte-sverige-foto-lars-gyllenhaal-4.jpg\" \/>\n\t<meta property=\"og:image:width\" content=\"1500\" \/>\n\t<meta property=\"og:image:height\" content=\"2000\" \/>\n\t<meta property=\"og:image:type\" content=\"image\/jpeg\" \/>\n<meta name=\"author\" content=\"Christian\" \/>\n<meta name=\"twitter:card\" content=\"summary_large_image\" \/>\n<meta name=\"twitter:label1\" content=\"Written by\" \/>\n\t<meta name=\"twitter:data1\" content=\"Christian\" \/>\n\t<meta name=\"twitter:label2\" content=\"Est. reading time\" \/>\n\t<meta name=\"twitter:data2\" content=\"1 minute\" \/>\n<script type=\"application\/ld+json\" class=\"yoast-schema-graph\">{\"@context\":\"https:\/\/schema.org\",\"@graph\":[{\"@type\":\"Article\",\"@id\":\"https:\/\/gjefsjo.no\/en\/2021\/06\/when-oss-norso-invaded-sweden\/#article\",\"isPartOf\":{\"@id\":\"https:\/\/gjefsjo.no\/en\/2021\/06\/when-oss-norso-invaded-sweden\/\"},\"author\":{\"name\":\"Christian\",\"@id\":\"https:\/\/gjefsjo.no\/#\/schema\/person\/fb4ca6523f8257d08b0905dadd8bb882\"},\"headline\":\"When OSS NORSO invaded Sweden\",\"datePublished\":\"2021-06-05T21:28:30+00:00\",\"dateModified\":\"2021-06-06T16:12:17+00:00\",\"mainEntityOfPage\":{\"@id\":\"https:\/\/gjefsjo.no\/en\/2021\/06\/when-oss-norso-invaded-sweden\/\"},\"wordCount\":242,\"commentCount\":0,\"publisher\":{\"@id\":\"https:\/\/gjefsjo.no\/#organization\"},\"image\":{\"@id\":\"https:\/\/gjefsjo.no\/en\/2021\/06\/when-oss-norso-invaded-sweden\/#primaryimage\"},\"thumbnailUrl\":\"https:\/\/gjefsjo.no\/wp-content\/uploads\/2021\/06\/da-norso-invaderte-sverige-foto-lars-gyllenhaal-4.jpg\",\"inLanguage\":\"en-US\"},{\"@type\":\"WebPage\",\"@id\":\"https:\/\/gjefsjo.no\/en\/2021\/06\/when-oss-norso-invaded-sweden\/\",\"url\":\"https:\/\/gjefsjo.no\/en\/2021\/06\/when-oss-norso-invaded-sweden\/\",\"name\":\"When OSS NORSO invaded Sweden - Leif Oistads group in Lien\",\"isPartOf\":{\"@id\":\"https:\/\/gjefsjo.no\/#website\"},\"primaryImageOfPage\":{\"@id\":\"https:\/\/gjefsjo.no\/en\/2021\/06\/when-oss-norso-invaded-sweden\/#primaryimage\"},\"image\":{\"@id\":\"https:\/\/gjefsjo.no\/en\/2021\/06\/when-oss-norso-invaded-sweden\/#primaryimage\"},\"thumbnailUrl\":\"https:\/\/gjefsjo.no\/wp-content\/uploads\/2021\/06\/da-norso-invaderte-sverige-foto-lars-gyllenhaal-4.jpg\",\"datePublished\":\"2021-06-05T21:28:30+00:00\",\"dateModified\":\"2021-06-06T16:12:17+00:00\",\"description\":\"The five OSS NORSO Group members who accidentally \\\"invaded\\\" the Swedish village of Lien entered this house shortly after having been rather nicely arrested by a local police officer.\",\"breadcrumb\":{\"@id\":\"https:\/\/gjefsjo.no\/en\/2021\/06\/when-oss-norso-invaded-sweden\/#breadcrumb\"},\"inLanguage\":\"en-US\",\"potentialAction\":[{\"@type\":\"ReadAction\",\"target\":[\"https:\/\/gjefsjo.no\/en\/2021\/06\/when-oss-norso-invaded-sweden\/\"]}]},{\"@type\":\"ImageObject\",\"inLanguage\":\"en-US\",\"@id\":\"https:\/\/gjefsjo.no\/en\/2021\/06\/when-oss-norso-invaded-sweden\/#primaryimage\",\"url\":\"https:\/\/gjefsjo.no\/wp-content\/uploads\/2021\/06\/da-norso-invaderte-sverige-foto-lars-gyllenhaal-4.jpg\",\"contentUrl\":\"https:\/\/gjefsjo.no\/wp-content\/uploads\/2021\/06\/da-norso-invaderte-sverige-foto-lars-gyllenhaal-4.jpg\",\"width\":1500,\"height\":2000,\"caption\":\"The five OSS NORSO Group members who accidentally \\\"invaded\\\" the Swedish village of Lien entered this house shortly after having been rather nicely arrested by a local police officer. I took this photo of Leif Oistad by the house back in 1999. Shortly after I took it we were invited inside the house, by the same kind lady who received the five foreign visitors in 1945\"},{\"@type\":\"BreadcrumbList\",\"@id\":\"https:\/\/gjefsjo.no\/en\/2021\/06\/when-oss-norso-invaded-sweden\/#breadcrumb\",\"itemListElement\":[{\"@type\":\"ListItem\",\"position\":1,\"name\":\"Hjem\",\"item\":\"https:\/\/gjefsjo.no\/en\/\"},{\"@type\":\"ListItem\",\"position\":2,\"name\":\"When OSS NORSO invaded Sweden\"}]},{\"@type\":\"WebSite\",\"@id\":\"https:\/\/gjefsjo.no\/#website\",\"url\":\"https:\/\/gjefsjo.no\/\",\"name\":\"Gjefsj\u00f8en Fjellg\u00e5rd\",\"description\":\"Fjellg\u00e5rd ved idylliske Gjefsj\u00f8en\",\"publisher\":{\"@id\":\"https:\/\/gjefsjo.no\/#organization\"},\"potentialAction\":[{\"@type\":\"SearchAction\",\"target\":{\"@type\":\"EntryPoint\",\"urlTemplate\":\"https:\/\/gjefsjo.no\/?s={search_term_string}\"},\"query-input\":{\"@type\":\"PropertyValueSpecification\",\"valueRequired\":true,\"valueName\":\"search_term_string\"}}],\"inLanguage\":\"en-US\"},{\"@type\":\"Organization\",\"@id\":\"https:\/\/gjefsjo.no\/#organization\",\"name\":\"Gjefsj\u00f8en Fjellg\u00e5rd\",\"url\":\"https:\/\/gjefsjo.no\/\",\"logo\":{\"@type\":\"ImageObject\",\"inLanguage\":\"en-US\",\"@id\":\"https:\/\/gjefsjo.no\/#\/schema\/logo\/image\/\",\"url\":\"\",\"contentUrl\":\"\",\"caption\":\"Gjefsj\u00f8en Fjellg\u00e5rd\"},\"image\":{\"@id\":\"https:\/\/gjefsjo.no\/#\/schema\/logo\/image\/\"},\"sameAs\":[\"https:\/\/facebook.com\/gjefsjoenfjellgard\",\"https:\/\/www.instagram.com\/gjefsjoenfjellgard\",\"https:\/\/www.linkedin.com\/in\/gjefsjo\/\",\"https:\/\/www.youtube.com\/channel\/UCOC8u2CHZHUEl20KkbPnKsA\",\"https:\/\/no.wikipedia.org\/wiki\/Gjefsjen_Fjellgrd\"]},{\"@type\":\"Person\",\"@id\":\"https:\/\/gjefsjo.no\/#\/schema\/person\/fb4ca6523f8257d08b0905dadd8bb882\",\"name\":\"Christian\",\"image\":{\"@type\":\"ImageObject\",\"inLanguage\":\"en-US\",\"@id\":\"https:\/\/secure.gravatar.com\/avatar\/3f58ce9d917f7e1f2cfca25119307bebe9534587bb38bdcfbddde299b2e5c4ca?s=96&d=mm&r=g\",\"url\":\"https:\/\/secure.gravatar.com\/avatar\/3f58ce9d917f7e1f2cfca25119307bebe9534587bb38bdcfbddde299b2e5c4ca?s=96&d=mm&r=g\",\"contentUrl\":\"https:\/\/secure.gravatar.com\/avatar\/3f58ce9d917f7e1f2cfca25119307bebe9534587bb38bdcfbddde299b2e5c4ca?s=96&d=mm&r=g\",\"caption\":\"Christian\"},\"url\":\"https:\/\/gjefsjo.no\/en\/author\/christian\/\"}]}<\/script>\n<!-- \/ Yoast SEO plugin. -->","yoast_head_json":{"title":"When OSS NORSO invaded Sweden - Leif Oistads group in Lien","description":"The five OSS NORSO Group members who accidentally \"invaded\" the Swedish village of Lien entered this house shortly after having been rather nicely arrested by a local police officer.","robots":{"index":"index","follow":"follow","max-snippet":"max-snippet:-1","max-image-preview":"max-image-preview:large","max-video-preview":"max-video-preview:-1"},"canonical":"https:\/\/gjefsjo.no\/en\/2021\/06\/when-oss-norso-invaded-sweden\/","og_locale":"en_US","og_type":"article","og_title":"When OSS NORSO invaded Sweden - Leif Oistads group in Lien","og_description":"The five OSS NORSO Group members who accidentally \"invaded\" the Swedish village of Lien entered this house shortly after having been rather nicely arrested by a local police officer.","og_url":"https:\/\/gjefsjo.no\/en\/2021\/06\/when-oss-norso-invaded-sweden\/","og_site_name":"Gjefsj\u00f8en Fjellg\u00e5rd","article_publisher":"https:\/\/facebook.com\/gjefsjoenfjellgard","article_published_time":"2021-06-05T21:28:30+00:00","article_modified_time":"2021-06-06T16:12:17+00:00","og_image":[{"width":1500,"height":2000,"url":"https:\/\/gjefsjo.no\/wp-content\/uploads\/2021\/06\/da-norso-invaderte-sverige-foto-lars-gyllenhaal-4.jpg","type":"image\/jpeg"}],"author":"Christian","twitter_card":"summary_large_image","twitter_misc":{"Written by":"Christian","Est. reading time":"1 minute"},"schema":{"@context":"https:\/\/schema.org","@graph":[{"@type":"Article","@id":"https:\/\/gjefsjo.no\/en\/2021\/06\/when-oss-norso-invaded-sweden\/#article","isPartOf":{"@id":"https:\/\/gjefsjo.no\/en\/2021\/06\/when-oss-norso-invaded-sweden\/"},"author":{"name":"Christian","@id":"https:\/\/gjefsjo.no\/#\/schema\/person\/fb4ca6523f8257d08b0905dadd8bb882"},"headline":"When OSS NORSO invaded Sweden","datePublished":"2021-06-05T21:28:30+00:00","dateModified":"2021-06-06T16:12:17+00:00","mainEntityOfPage":{"@id":"https:\/\/gjefsjo.no\/en\/2021\/06\/when-oss-norso-invaded-sweden\/"},"wordCount":242,"commentCount":0,"publisher":{"@id":"https:\/\/gjefsjo.no\/#organization"},"image":{"@id":"https:\/\/gjefsjo.no\/en\/2021\/06\/when-oss-norso-invaded-sweden\/#primaryimage"},"thumbnailUrl":"https:\/\/gjefsjo.no\/wp-content\/uploads\/2021\/06\/da-norso-invaderte-sverige-foto-lars-gyllenhaal-4.jpg","inLanguage":"en-US"},{"@type":"WebPage","@id":"https:\/\/gjefsjo.no\/en\/2021\/06\/when-oss-norso-invaded-sweden\/","url":"https:\/\/gjefsjo.no\/en\/2021\/06\/when-oss-norso-invaded-sweden\/","name":"When OSS NORSO invaded Sweden - Leif Oistads group in Lien","isPartOf":{"@id":"https:\/\/gjefsjo.no\/#website"},"primaryImageOfPage":{"@id":"https:\/\/gjefsjo.no\/en\/2021\/06\/when-oss-norso-invaded-sweden\/#primaryimage"},"image":{"@id":"https:\/\/gjefsjo.no\/en\/2021\/06\/when-oss-norso-invaded-sweden\/#primaryimage"},"thumbnailUrl":"https:\/\/gjefsjo.no\/wp-content\/uploads\/2021\/06\/da-norso-invaderte-sverige-foto-lars-gyllenhaal-4.jpg","datePublished":"2021-06-05T21:28:30+00:00","dateModified":"2021-06-06T16:12:17+00:00","description":"The five OSS NORSO Group members who accidentally \"invaded\" the Swedish village of Lien entered this house shortly after having been rather nicely arrested by a local police officer.","breadcrumb":{"@id":"https:\/\/gjefsjo.no\/en\/2021\/06\/when-oss-norso-invaded-sweden\/#breadcrumb"},"inLanguage":"en-US","potentialAction":[{"@type":"ReadAction","target":["https:\/\/gjefsjo.no\/en\/2021\/06\/when-oss-norso-invaded-sweden\/"]}]},{"@type":"ImageObject","inLanguage":"en-US","@id":"https:\/\/gjefsjo.no\/en\/2021\/06\/when-oss-norso-invaded-sweden\/#primaryimage","url":"https:\/\/gjefsjo.no\/wp-content\/uploads\/2021\/06\/da-norso-invaderte-sverige-foto-lars-gyllenhaal-4.jpg","contentUrl":"https:\/\/gjefsjo.no\/wp-content\/uploads\/2021\/06\/da-norso-invaderte-sverige-foto-lars-gyllenhaal-4.jpg","width":1500,"height":2000,"caption":"The five OSS NORSO Group members who accidentally \"invaded\" the Swedish village of Lien entered this house shortly after having been rather nicely arrested by a local police officer. I took this photo of Leif Oistad by the house back in 1999. Shortly after I took it we were invited inside the house, by the same kind lady who received the five foreign visitors in 1945"},{"@type":"BreadcrumbList","@id":"https:\/\/gjefsjo.no\/en\/2021\/06\/when-oss-norso-invaded-sweden\/#breadcrumb","itemListElement":[{"@type":"ListItem","position":1,"name":"Hjem","item":"https:\/\/gjefsjo.no\/en\/"},{"@type":"ListItem","position":2,"name":"When OSS NORSO invaded Sweden"}]},{"@type":"WebSite","@id":"https:\/\/gjefsjo.no\/#website","url":"https:\/\/gjefsjo.no\/","name":"Gjefsj\u00f8en Fjellg\u00e5rd","description":"Fjellg\u00e5rd ved idylliske Gjefsj\u00f8en","publisher":{"@id":"https:\/\/gjefsjo.no\/#organization"},"potentialAction":[{"@type":"SearchAction","target":{"@type":"EntryPoint","urlTemplate":"https:\/\/gjefsjo.no\/?s={search_term_string}"},"query-input":{"@type":"PropertyValueSpecification","valueRequired":true,"valueName":"search_term_string"}}],"inLanguage":"en-US"},{"@type":"Organization","@id":"https:\/\/gjefsjo.no\/#organization","name":"Gjefsj\u00f8en Fjellg\u00e5rd","url":"https:\/\/gjefsjo.no\/","logo":{"@type":"ImageObject","inLanguage":"en-US","@id":"https:\/\/gjefsjo.no\/#\/schema\/logo\/image\/","url":"","contentUrl":"","caption":"Gjefsj\u00f8en Fjellg\u00e5rd"},"image":{"@id":"https:\/\/gjefsjo.no\/#\/schema\/logo\/image\/"},"sameAs":["https:\/\/facebook.com\/gjefsjoenfjellgard","https:\/\/www.instagram.com\/gjefsjoenfjellgard","https:\/\/www.linkedin.com\/in\/gjefsjo\/","https:\/\/www.youtube.com\/channel\/UCOC8u2CHZHUEl20KkbPnKsA","https:\/\/no.wikipedia.org\/wiki\/Gjefsjen_Fjellgrd"]},{"@type":"Person","@id":"https:\/\/gjefsjo.no\/#\/schema\/person\/fb4ca6523f8257d08b0905dadd8bb882","name":"Christian","image":{"@type":"ImageObject","inLanguage":"en-US","@id":"https:\/\/secure.gravatar.com\/avatar\/3f58ce9d917f7e1f2cfca25119307bebe9534587bb38bdcfbddde299b2e5c4ca?s=96&d=mm&r=g","url":"https:\/\/secure.gravatar.com\/avatar\/3f58ce9d917f7e1f2cfca25119307bebe9534587bb38bdcfbddde299b2e5c4ca?s=96&d=mm&r=g","contentUrl":"https:\/\/secure.gravatar.com\/avatar\/3f58ce9d917f7e1f2cfca25119307bebe9534587bb38bdcfbddde299b2e5c4ca?s=96&d=mm&r=g","caption":"Christian"},"url":"https:\/\/gjefsjo.no\/en\/author\/christian\/"}]}},"_links":{"self":[{"href":"https:\/\/gjefsjo.no\/en\/wp-json\/wp\/v2\/posts\/5478","targetHints":{"allow":["GET"]}}],"collection":[{"href":"https:\/\/gjefsjo.no\/en\/wp-json\/wp\/v2\/posts"}],"about":[{"href":"https:\/\/gjefsjo.no\/en\/wp-json\/wp\/v2\/types\/post"}],"author":[{"embeddable":true,"href":"https:\/\/gjefsjo.no\/en\/wp-json\/wp\/v2\/users\/6"}],"replies":[{"embeddable":true,"href":"https:\/\/gjefsjo.no\/en\/wp-json\/wp\/v2\/comments?post=5478"}],"version-history":[{"count":0,"href":"https:\/\/gjefsjo.no\/en\/wp-json\/wp\/v2\/posts\/5478\/revisions"}],"wp:featuredmedia":[{"embeddable":true,"href":"https:\/\/gjefsjo.no\/en\/wp-json\/wp\/v2\/media\/5473"}],"wp:attachment":[{"href":"https:\/\/gjefsjo.no\/en\/wp-json\/wp\/v2\/media?parent=5478"}],"wp:term":[{"taxonomy":"category","embeddable":true,"href":"https:\/\/gjefsjo.no\/en\/wp-json\/wp\/v2\/categories?post=5478"},{"taxonomy":"post_tag","embeddable":true,"href":"https:\/\/gjefsjo.no\/en\/wp-json\/wp\/v2\/tags?post=5478"}],"curies":[{"name":"wp","href":"https:\/\/api.w.org\/{rel}","templated":true}]}}